
{"id":18966,"date":"2016-06-27T03:59:13","date_gmt":"2016-06-27T01:59:13","guid":{"rendered":"https:\/\/www.kaufholdreveillaud.dominocom.lu\/lassociation-luxembourgeoise-du-barreau-allemand-organise-un-evenement-inaugural\/"},"modified":"2016-06-27T03:59:13","modified_gmt":"2016-06-27T01:59:13","slug":"lassociation-luxembourgeoise-du-barreau-allemand-organise-un-evenement-inaugural","status":"publish","type":"post","link":"https:\/\/www.kaufholdreveillaud.lu\/fr\/lassociation-luxembourgeoise-du-barreau-allemand-organise-un-evenement-inaugural\/","title":{"rendered":"L&#8217;association des avocats allemands du Luxembourg organise son premier \u00e9v\u00e9nement"},"content":{"rendered":"<p class=\"\">Le lundi 27 juin, l&#8217;association des avocats allemands du Luxembourg<a class=\"text_link\" href=\"http:\/\/dav.lu\/\" target=\"_blank\" rel=\"noopener noreferrer\">(Deutscher AnwaltVerein in Luxemburg<\/a>; a.k.a. DAV Luxemburg) a organis\u00e9 son premier \u00e9v\u00e9nement officiel depuis sa cr\u00e9ation l&#8217;ann\u00e9e derni\u00e8re. Plus de 50 professionnels du droit ont assist\u00e9 \u00e0 une soir\u00e9e divertissante de pr\u00e9sentations, d&#8217;expos\u00e9s et de r\u00e9seautage organis\u00e9e \u00e0 la BIL.<\/p>\n<p class=\"\">L&#8217;arriv\u00e9e de l&#8217;Association a \u00e9t\u00e9 bien accueillie en raison du nombre d&#8217;avocats germanophones travaillant au Grand-Duch\u00e9 et du manque d&#8217;organisations d\u00e9di\u00e9es \u00e0 la communaut\u00e9 juridique germano-luxembourgeoise.<\/p>\n<p class=\"\">Lors de l&#8217;\u00e9v\u00e9nement inaugural, l&#8217;ancien ministre de la justice Fran\u00e7ois Biltgen a prononc\u00e9 un discours sur la Cour europ\u00e9enne de justice et ses impacts sp\u00e9cifiques sur le droit national. Rosario Grasso, pr\u00e9sident de l&#8217;Ordre des avocats du Luxembourg, a \u00e9voqu\u00e9 la coop\u00e9ration au sein de la communaut\u00e9 juridique locale et ses liens avec les coll\u00e8gues travaillant en Allemagne, ainsi que le nombre croissant d&#8217;avocats de l&#8217;Ordre des avocats allemands qui exercent au Luxembourg.<\/p>\n<p class=\"\">En mettant l&#8217;accent sur le partage d&#8217;id\u00e9es, le r\u00e9seautage et l&#8217;apprentissage, DAV Luxembourg esp\u00e8re organiser plusieurs \u00e9v\u00e9nements par an sur des th\u00e8mes pertinents, tels que le droit allemand et luxembourgeois des soci\u00e9t\u00e9s et de l&#8217;insolvabilit\u00e9. Certaines conf\u00e9rences \u00e0 venir seront organis\u00e9es en coop\u00e9ration avec le barreau de Saarl\u00e4ndischer. \u00c0 terme, elle souhaite offrir des avantages \u00e0 l&#8217;\u00e9chelle du r\u00e9seau \u00e0 ses membres officiels, qui sont d\u00e9j\u00e0 au nombre de 20.<\/p>\n<p class=\"\">Kaufhold &amp; R\u00e9veillaud, Avocats a \u00e9t\u00e9 \u00e0 l&#8217;origine de l&#8217;implantation du Deutscher AnwaltVerein au Luxembourg et joue un r\u00f4le de premier plan au sein de l&#8217;organisation : les avocats <a class=\"text_link\" href=\"http:\/\/www.kaufholdreveillaud.lu\/en\/kaufhold.php\">Charles Kaufhold<\/a> et <a class=\"text_link\" href=\"http:\/\/www.kaufholdreveillaud.lu\/en\/czoske.php\">Brigitte Czoske<\/a> en sont respectivement le pr\u00e9sident et la vice-pr\u00e9sidente. Ils continueront \u00e0 repr\u00e9senter DAV Luxembourg \u00e0 travers le r\u00e9seau lors d&#8217;\u00e9v\u00e9nements associatifs en Allemagne et en Europe.<\/p>\n<p class=\"\"><b>Pour plus d&#8217;informations, veuillez consulter le site <\/b><a class=\"text_link\" href=\"http:\/\/dav.lu\/\" target=\"_blank\" rel=\"noopener noreferrer\">http:\/\/dav.lu<\/a><\/p>\n","protected":false},"excerpt":{"rendered":"<p>Le lundi 27 juin, l&#8217;association des avocats allemands du Luxembourg(Deutscher AnwaltVerein in Luxemburg; a.k.a. DAV Luxemburg) a organis\u00e9 son premier \u00e9v\u00e9nement officiel depuis sa cr\u00e9ation l&#8217;ann\u00e9e derni\u00e8re. Plus de 50 professionnels du droit ont assist\u00e9 \u00e0 une soir\u00e9e divertissante de pr\u00e9sentations, d&#8217;expos\u00e9s et de r\u00e9seautage organis\u00e9e \u00e0 la BIL. L&#8217;arriv\u00e9e de l&#8217;Association a \u00e9t\u00e9 bien &hellip; <\/p>\n<p class=\"link-more\"><a href=\"https:\/\/www.kaufholdreveillaud.lu\/fr\/lassociation-luxembourgeoise-du-barreau-allemand-organise-un-evenement-inaugural\/\" class=\"more-link\">Continuer la lecture <span class=\"screen-reader-text\"> \u00ab\u00a0L&#8217;association des avocats allemands du Luxembourg organise son premier \u00e9v\u00e9nement\u00a0\u00bb<\/span><\/a><\/p>\n","protected":false},"author":1,"featured_media":18564,"comment_status":"closed","ping_status":"closed","sticky":false,"template":"","format":"standard","meta":{"_acf_changed":false,"footnotes":""},"categories":[222],"tags":[228,226],"class_list":["post-18966","post","type-post","status-publish","format-standard","has-post-thumbnail","hentry","category-news","tag-germany","tag-kaufhold-reveillaud","entry"],"acf":[],"yoast_head":"<!-- This site is optimized with the Yoast SEO plugin v26.7 - https:\/\/yoast.com\/wordpress\/plugins\/seo\/ -->\n<title>L&#039;association des avocats allemands du Luxembourg organise son premier \u00e9v\u00e9nement - Kaufhold et Reveillaud Avocats<\/title>\n<meta name=\"robots\" content=\"index, follow, max-snippet:-1, max-image-preview:large, max-video-preview:-1\" \/>\n<link rel=\"canonical\" href=\"https:\/\/www.kaufholdreveillaud.lu\/fr\/lassociation-luxembourgeoise-du-barreau-allemand-organise-un-evenement-inaugural\/\" \/>\n<meta property=\"og:locale\" content=\"fr_FR\" \/>\n<meta property=\"og:type\" content=\"article\" \/>\n<meta property=\"og:title\" content=\"L&#039;association des avocats allemands du Luxembourg organise son premier \u00e9v\u00e9nement - Kaufhold et Reveillaud Avocats\" \/>\n<meta property=\"og:description\" content=\"Le lundi 27 juin, l&#8217;association des avocats allemands du Luxembourg(Deutscher AnwaltVerein in Luxemburg; a.k.a. DAV Luxemburg) a organis\u00e9 son premier \u00e9v\u00e9nement officiel depuis sa cr\u00e9ation l&#8217;ann\u00e9e derni\u00e8re. Plus de 50 professionnels du droit ont assist\u00e9 \u00e0 une soir\u00e9e divertissante de pr\u00e9sentations, d&#8217;expos\u00e9s et de r\u00e9seautage organis\u00e9e \u00e0 la BIL. L&#8217;arriv\u00e9e de l&#8217;Association a \u00e9t\u00e9 bien &hellip; Continuer la lecture \u00ab\u00a0L&#8217;association des avocats allemands du Luxembourg organise son premier \u00e9v\u00e9nement\u00a0\u00bb\" \/>\n<meta property=\"og:url\" content=\"https:\/\/www.kaufholdreveillaud.lu\/fr\/lassociation-luxembourgeoise-du-barreau-allemand-organise-un-evenement-inaugural\/\" \/>\n<meta property=\"og:site_name\" content=\"Kaufhold et Reveillaud Avocats\" \/>\n<meta property=\"article:published_time\" content=\"2016-06-27T01:59:13+00:00\" \/>\n<meta property=\"og:image\" content=\"https:\/\/www.kaufholdreveillaud.lu\/wp-content\/uploads\/Kaufhold-reveillaud-German-bar-association-Luxembourg.jpeg\" \/>\n\t<meta property=\"og:image:width\" content=\"900\" \/>\n\t<meta property=\"og:image:height\" content=\"405\" \/>\n\t<meta property=\"og:image:type\" content=\"image\/jpeg\" \/>\n<meta name=\"author\" content=\"dominocommunication\" \/>\n<meta name=\"twitter:card\" content=\"summary_large_image\" \/>\n<meta name=\"twitter:label1\" content=\"\u00c9crit par\" \/>\n\t<meta name=\"twitter:data1\" content=\"dominocommunication\" \/>\n\t<meta name=\"twitter:label2\" content=\"Dur\u00e9e de lecture estim\u00e9e\" \/>\n\t<meta name=\"twitter:data2\" content=\"2 minutes\" \/>\n<script type=\"application\/ld+json\" class=\"yoast-schema-graph\">{\"@context\":\"https:\/\/schema.org\",\"@graph\":[{\"@type\":\"Article\",\"@id\":\"https:\/\/www.kaufholdreveillaud.lu\/fr\/lassociation-luxembourgeoise-du-barreau-allemand-organise-un-evenement-inaugural\/#article\",\"isPartOf\":{\"@id\":\"https:\/\/www.kaufholdreveillaud.lu\/fr\/lassociation-luxembourgeoise-du-barreau-allemand-organise-un-evenement-inaugural\/\"},\"author\":{\"name\":\"dominocommunication\",\"@id\":\"https:\/\/www.kaufholdreveillaud.lu\/fr\/#\/schema\/person\/ebd09ee45fb11871fb000e8dca1c069f\"},\"headline\":\"L&#8217;association des avocats allemands du Luxembourg organise son premier \u00e9v\u00e9nement\",\"datePublished\":\"2016-06-27T01:59:13+00:00\",\"mainEntityOfPage\":{\"@id\":\"https:\/\/www.kaufholdreveillaud.lu\/fr\/lassociation-luxembourgeoise-du-barreau-allemand-organise-un-evenement-inaugural\/\"},\"wordCount\":350,\"image\":{\"@id\":\"https:\/\/www.kaufholdreveillaud.lu\/fr\/lassociation-luxembourgeoise-du-barreau-allemand-organise-un-evenement-inaugural\/#primaryimage\"},\"thumbnailUrl\":\"https:\/\/www.kaufholdreveillaud.lu\/wp-content\/uploads\/Kaufhold-reveillaud-German-bar-association-Luxembourg.jpeg\",\"keywords\":[\"Allemagne\",\"Kaufhold &amp; Reveillaud\"],\"articleSection\":[\"K&amp;R News\"],\"inLanguage\":\"fr-FR\"},{\"@type\":\"WebPage\",\"@id\":\"https:\/\/www.kaufholdreveillaud.lu\/fr\/lassociation-luxembourgeoise-du-barreau-allemand-organise-un-evenement-inaugural\/\",\"url\":\"https:\/\/www.kaufholdreveillaud.lu\/fr\/lassociation-luxembourgeoise-du-barreau-allemand-organise-un-evenement-inaugural\/\",\"name\":\"L'association des avocats allemands du Luxembourg organise son premier \u00e9v\u00e9nement - Kaufhold et Reveillaud Avocats\",\"isPartOf\":{\"@id\":\"https:\/\/www.kaufholdreveillaud.lu\/fr\/#website\"},\"primaryImageOfPage\":{\"@id\":\"https:\/\/www.kaufholdreveillaud.lu\/fr\/lassociation-luxembourgeoise-du-barreau-allemand-organise-un-evenement-inaugural\/#primaryimage\"},\"image\":{\"@id\":\"https:\/\/www.kaufholdreveillaud.lu\/fr\/lassociation-luxembourgeoise-du-barreau-allemand-organise-un-evenement-inaugural\/#primaryimage\"},\"thumbnailUrl\":\"https:\/\/www.kaufholdreveillaud.lu\/wp-content\/uploads\/Kaufhold-reveillaud-German-bar-association-Luxembourg.jpeg\",\"datePublished\":\"2016-06-27T01:59:13+00:00\",\"author\":{\"@id\":\"https:\/\/www.kaufholdreveillaud.lu\/fr\/#\/schema\/person\/ebd09ee45fb11871fb000e8dca1c069f\"},\"breadcrumb\":{\"@id\":\"https:\/\/www.kaufholdreveillaud.lu\/fr\/lassociation-luxembourgeoise-du-barreau-allemand-organise-un-evenement-inaugural\/#breadcrumb\"},\"inLanguage\":\"fr-FR\",\"potentialAction\":[{\"@type\":\"ReadAction\",\"target\":[\"https:\/\/www.kaufholdreveillaud.lu\/fr\/lassociation-luxembourgeoise-du-barreau-allemand-organise-un-evenement-inaugural\/\"]}]},{\"@type\":\"ImageObject\",\"inLanguage\":\"fr-FR\",\"@id\":\"https:\/\/www.kaufholdreveillaud.lu\/fr\/lassociation-luxembourgeoise-du-barreau-allemand-organise-un-evenement-inaugural\/#primaryimage\",\"url\":\"https:\/\/www.kaufholdreveillaud.lu\/wp-content\/uploads\/Kaufhold-reveillaud-German-bar-association-Luxembourg.jpeg\",\"contentUrl\":\"https:\/\/www.kaufholdreveillaud.lu\/wp-content\/uploads\/Kaufhold-reveillaud-German-bar-association-Luxembourg.jpeg\",\"width\":900,\"height\":405},{\"@type\":\"BreadcrumbList\",\"@id\":\"https:\/\/www.kaufholdreveillaud.lu\/fr\/lassociation-luxembourgeoise-du-barreau-allemand-organise-un-evenement-inaugural\/#breadcrumb\",\"itemListElement\":[{\"@type\":\"ListItem\",\"position\":1,\"name\":\"Home\",\"item\":\"https:\/\/www.kaufholdreveillaud.lu\/fr\/\"},{\"@type\":\"ListItem\",\"position\":2,\"name\":\"L&#8217;association des avocats allemands du Luxembourg organise son premier \u00e9v\u00e9nement\"}]},{\"@type\":\"WebSite\",\"@id\":\"https:\/\/www.kaufholdreveillaud.lu\/fr\/#website\",\"url\":\"https:\/\/www.kaufholdreveillaud.lu\/fr\/\",\"name\":\"Kaufhold et Reveillaud Avocats\",\"description\":\"Etude d&#039;avocats \u00e0 Luxembourg\",\"potentialAction\":[{\"@type\":\"SearchAction\",\"target\":{\"@type\":\"EntryPoint\",\"urlTemplate\":\"https:\/\/www.kaufholdreveillaud.lu\/fr\/?s={search_term_string}\"},\"query-input\":{\"@type\":\"PropertyValueSpecification\",\"valueRequired\":true,\"valueName\":\"search_term_string\"}}],\"inLanguage\":\"fr-FR\"},{\"@type\":\"Person\",\"@id\":\"https:\/\/www.kaufholdreveillaud.lu\/fr\/#\/schema\/person\/ebd09ee45fb11871fb000e8dca1c069f\",\"name\":\"dominocommunication\",\"image\":{\"@type\":\"ImageObject\",\"inLanguage\":\"fr-FR\",\"@id\":\"https:\/\/www.kaufholdreveillaud.lu\/fr\/#\/schema\/person\/image\/\",\"url\":\"https:\/\/secure.gravatar.com\/avatar\/c28bb102a73f50ab9184028727da8e0470464f8d426a173be8e66399ed3df56d?s=96&d=mm&r=g\",\"contentUrl\":\"https:\/\/secure.gravatar.com\/avatar\/c28bb102a73f50ab9184028727da8e0470464f8d426a173be8e66399ed3df56d?s=96&d=mm&r=g\",\"caption\":\"dominocommunication\"},\"url\":\"https:\/\/www.kaufholdreveillaud.lu\/fr\/author\/dominocommunication\/\"}]}<\/script>\n<!-- \/ Yoast SEO plugin. -->","yoast_head_json":{"title":"L'association des avocats allemands du Luxembourg organise son premier \u00e9v\u00e9nement - Kaufhold et Reveillaud Avocats","robots":{"index":"index","follow":"follow","max-snippet":"max-snippet:-1","max-image-preview":"max-image-preview:large","max-video-preview":"max-video-preview:-1"},"canonical":"https:\/\/www.kaufholdreveillaud.lu\/fr\/lassociation-luxembourgeoise-du-barreau-allemand-organise-un-evenement-inaugural\/","og_locale":"fr_FR","og_type":"article","og_title":"L'association des avocats allemands du Luxembourg organise son premier \u00e9v\u00e9nement - Kaufhold et Reveillaud Avocats","og_description":"Le lundi 27 juin, l&#8217;association des avocats allemands du Luxembourg(Deutscher AnwaltVerein in Luxemburg; a.k.a. DAV Luxemburg) a organis\u00e9 son premier \u00e9v\u00e9nement officiel depuis sa cr\u00e9ation l&#8217;ann\u00e9e derni\u00e8re. Plus de 50 professionnels du droit ont assist\u00e9 \u00e0 une soir\u00e9e divertissante de pr\u00e9sentations, d&#8217;expos\u00e9s et de r\u00e9seautage organis\u00e9e \u00e0 la BIL. L&#8217;arriv\u00e9e de l&#8217;Association a \u00e9t\u00e9 bien &hellip; Continuer la lecture \u00ab\u00a0L&#8217;association des avocats allemands du Luxembourg organise son premier \u00e9v\u00e9nement\u00a0\u00bb","og_url":"https:\/\/www.kaufholdreveillaud.lu\/fr\/lassociation-luxembourgeoise-du-barreau-allemand-organise-un-evenement-inaugural\/","og_site_name":"Kaufhold et Reveillaud Avocats","article_published_time":"2016-06-27T01:59:13+00:00","og_image":[{"width":900,"height":405,"url":"https:\/\/www.kaufholdreveillaud.lu\/wp-content\/uploads\/Kaufhold-reveillaud-German-bar-association-Luxembourg.jpeg","type":"image\/jpeg"}],"author":"dominocommunication","twitter_card":"summary_large_image","twitter_misc":{"\u00c9crit par":"dominocommunication","Dur\u00e9e de lecture estim\u00e9e":"2 minutes"},"schema":{"@context":"https:\/\/schema.org","@graph":[{"@type":"Article","@id":"https:\/\/www.kaufholdreveillaud.lu\/fr\/lassociation-luxembourgeoise-du-barreau-allemand-organise-un-evenement-inaugural\/#article","isPartOf":{"@id":"https:\/\/www.kaufholdreveillaud.lu\/fr\/lassociation-luxembourgeoise-du-barreau-allemand-organise-un-evenement-inaugural\/"},"author":{"name":"dominocommunication","@id":"https:\/\/www.kaufholdreveillaud.lu\/fr\/#\/schema\/person\/ebd09ee45fb11871fb000e8dca1c069f"},"headline":"L&#8217;association des avocats allemands du Luxembourg organise son premier \u00e9v\u00e9nement","datePublished":"2016-06-27T01:59:13+00:00","mainEntityOfPage":{"@id":"https:\/\/www.kaufholdreveillaud.lu\/fr\/lassociation-luxembourgeoise-du-barreau-allemand-organise-un-evenement-inaugural\/"},"wordCount":350,"image":{"@id":"https:\/\/www.kaufholdreveillaud.lu\/fr\/lassociation-luxembourgeoise-du-barreau-allemand-organise-un-evenement-inaugural\/#primaryimage"},"thumbnailUrl":"https:\/\/www.kaufholdreveillaud.lu\/wp-content\/uploads\/Kaufhold-reveillaud-German-bar-association-Luxembourg.jpeg","keywords":["Allemagne","Kaufhold &amp; Reveillaud"],"articleSection":["K&amp;R News"],"inLanguage":"fr-FR"},{"@type":"WebPage","@id":"https:\/\/www.kaufholdreveillaud.lu\/fr\/lassociation-luxembourgeoise-du-barreau-allemand-organise-un-evenement-inaugural\/","url":"https:\/\/www.kaufholdreveillaud.lu\/fr\/lassociation-luxembourgeoise-du-barreau-allemand-organise-un-evenement-inaugural\/","name":"L'association des avocats allemands du Luxembourg organise son premier \u00e9v\u00e9nement - Kaufhold et Reveillaud Avocats","isPartOf":{"@id":"https:\/\/www.kaufholdreveillaud.lu\/fr\/#website"},"primaryImageOfPage":{"@id":"https:\/\/www.kaufholdreveillaud.lu\/fr\/lassociation-luxembourgeoise-du-barreau-allemand-organise-un-evenement-inaugural\/#primaryimage"},"image":{"@id":"https:\/\/www.kaufholdreveillaud.lu\/fr\/lassociation-luxembourgeoise-du-barreau-allemand-organise-un-evenement-inaugural\/#primaryimage"},"thumbnailUrl":"https:\/\/www.kaufholdreveillaud.lu\/wp-content\/uploads\/Kaufhold-reveillaud-German-bar-association-Luxembourg.jpeg","datePublished":"2016-06-27T01:59:13+00:00","author":{"@id":"https:\/\/www.kaufholdreveillaud.lu\/fr\/#\/schema\/person\/ebd09ee45fb11871fb000e8dca1c069f"},"breadcrumb":{"@id":"https:\/\/www.kaufholdreveillaud.lu\/fr\/lassociation-luxembourgeoise-du-barreau-allemand-organise-un-evenement-inaugural\/#breadcrumb"},"inLanguage":"fr-FR","potentialAction":[{"@type":"ReadAction","target":["https:\/\/www.kaufholdreveillaud.lu\/fr\/lassociation-luxembourgeoise-du-barreau-allemand-organise-un-evenement-inaugural\/"]}]},{"@type":"ImageObject","inLanguage":"fr-FR","@id":"https:\/\/www.kaufholdreveillaud.lu\/fr\/lassociation-luxembourgeoise-du-barreau-allemand-organise-un-evenement-inaugural\/#primaryimage","url":"https:\/\/www.kaufholdreveillaud.lu\/wp-content\/uploads\/Kaufhold-reveillaud-German-bar-association-Luxembourg.jpeg","contentUrl":"https:\/\/www.kaufholdreveillaud.lu\/wp-content\/uploads\/Kaufhold-reveillaud-German-bar-association-Luxembourg.jpeg","width":900,"height":405},{"@type":"BreadcrumbList","@id":"https:\/\/www.kaufholdreveillaud.lu\/fr\/lassociation-luxembourgeoise-du-barreau-allemand-organise-un-evenement-inaugural\/#breadcrumb","itemListElement":[{"@type":"ListItem","position":1,"name":"Home","item":"https:\/\/www.kaufholdreveillaud.lu\/fr\/"},{"@type":"ListItem","position":2,"name":"L&#8217;association des avocats allemands du Luxembourg organise son premier \u00e9v\u00e9nement"}]},{"@type":"WebSite","@id":"https:\/\/www.kaufholdreveillaud.lu\/fr\/#website","url":"https:\/\/www.kaufholdreveillaud.lu\/fr\/","name":"Kaufhold et Reveillaud Avocats","description":"Etude d&#039;avocats \u00e0 Luxembourg","potentialAction":[{"@type":"SearchAction","target":{"@type":"EntryPoint","urlTemplate":"https:\/\/www.kaufholdreveillaud.lu\/fr\/?s={search_term_string}"},"query-input":{"@type":"PropertyValueSpecification","valueRequired":true,"valueName":"search_term_string"}}],"inLanguage":"fr-FR"},{"@type":"Person","@id":"https:\/\/www.kaufholdreveillaud.lu\/fr\/#\/schema\/person\/ebd09ee45fb11871fb000e8dca1c069f","name":"dominocommunication","image":{"@type":"ImageObject","inLanguage":"fr-FR","@id":"https:\/\/www.kaufholdreveillaud.lu\/fr\/#\/schema\/person\/image\/","url":"https:\/\/secure.gravatar.com\/avatar\/c28bb102a73f50ab9184028727da8e0470464f8d426a173be8e66399ed3df56d?s=96&d=mm&r=g","contentUrl":"https:\/\/secure.gravatar.com\/avatar\/c28bb102a73f50ab9184028727da8e0470464f8d426a173be8e66399ed3df56d?s=96&d=mm&r=g","caption":"dominocommunication"},"url":"https:\/\/www.kaufholdreveillaud.lu\/fr\/author\/dominocommunication\/"}]}},"_links":{"self":[{"href":"https:\/\/www.kaufholdreveillaud.lu\/fr\/wp-json\/wp\/v2\/posts\/18966","targetHints":{"allow":["GET"]}}],"collection":[{"href":"https:\/\/www.kaufholdreveillaud.lu\/fr\/wp-json\/wp\/v2\/posts"}],"about":[{"href":"https:\/\/www.kaufholdreveillaud.lu\/fr\/wp-json\/wp\/v2\/types\/post"}],"author":[{"embeddable":true,"href":"https:\/\/www.kaufholdreveillaud.lu\/fr\/wp-json\/wp\/v2\/users\/1"}],"replies":[{"embeddable":true,"href":"https:\/\/www.kaufholdreveillaud.lu\/fr\/wp-json\/wp\/v2\/comments?post=18966"}],"version-history":[{"count":0,"href":"https:\/\/www.kaufholdreveillaud.lu\/fr\/wp-json\/wp\/v2\/posts\/18966\/revisions"}],"wp:featuredmedia":[{"embeddable":true,"href":"https:\/\/www.kaufholdreveillaud.lu\/fr\/wp-json\/wp\/v2\/media\/18564"}],"wp:attachment":[{"href":"https:\/\/www.kaufholdreveillaud.lu\/fr\/wp-json\/wp\/v2\/media?parent=18966"}],"wp:term":[{"taxonomy":"category","embeddable":true,"href":"https:\/\/www.kaufholdreveillaud.lu\/fr\/wp-json\/wp\/v2\/categories?post=18966"},{"taxonomy":"post_tag","embeddable":true,"href":"https:\/\/www.kaufholdreveillaud.lu\/fr\/wp-json\/wp\/v2\/tags?post=18966"}],"curies":[{"name":"wp","href":"https:\/\/api.w.org\/{rel}","templated":true}]}}