
{"id":18965,"date":"2016-06-15T04:18:30","date_gmt":"2016-06-15T02:18:30","guid":{"rendered":"https:\/\/www.kaufholdreveillaud.dominocom.lu\/dialogue-entre-la-cour-de-justice-de-lue-et-lavocat\/"},"modified":"2016-06-15T04:18:30","modified_gmt":"2016-06-15T02:18:30","slug":"dialogue-entre-la-cour-de-justice-de-lue-et-lavocat","status":"publish","type":"post","link":"https:\/\/www.kaufholdreveillaud.lu\/fr\/dialogue-entre-la-cour-de-justice-de-lue-et-lavocat\/","title":{"rendered":"Dialogue entre la Cour de justice de l&#8217;UE et l&#8217;avocat"},"content":{"rendered":"<p>En tant que secr\u00e9taire g\u00e9n\u00e9ral de la F\u00e9d\u00e9ration des barreaux europ\u00e9ens (FBE), Charles Kaufhold, associ\u00e9 de Kaufhold &amp; R\u00e9veillaud, Avocats, a \u00e9t\u00e9 cit\u00e9 dans un article sur l&#8217;organisation et son prochain \u00e9v\u00e9nement sur le th\u00e8me du dialogue entre la Cour de justice de l&#8217;Union europ\u00e9enne et l&#8217;avocat. La FBE, fond\u00e9e en 1992, a pour objectif de rassembler les barreaux nationaux des Etats membres de l&#8217;UE, repr\u00e9sentant un total de 800.000 avocats europ\u00e9ens.<\/p>\n<h3 style=\"text-align: center;\"><a class=\"text_link\" href=\"http:\/\/www.cjbl.lu\/uploads\/editor\/files\/laws_02_v31.pdf\" target=\"_blank\" rel=\"noopener\">Article complet sur les lois CJBL<\/a><\/h3>\n","protected":false},"excerpt":{"rendered":"<p>En tant que secr\u00e9taire g\u00e9n\u00e9ral de la F\u00e9d\u00e9ration des barreaux europ\u00e9ens (FBE), Charles Kaufhold, associ\u00e9 de Kaufhold &amp; R\u00e9veillaud, Avocats, a \u00e9t\u00e9 cit\u00e9 dans un article sur l&#8217;organisation et son prochain \u00e9v\u00e9nement sur le th\u00e8me du dialogue entre la Cour de justice de l&#8217;Union europ\u00e9enne et l&#8217;avocat. La FBE, fond\u00e9e en 1992, a pour objectif &hellip; <\/p>\n<p class=\"link-more\"><a href=\"https:\/\/www.kaufholdreveillaud.lu\/fr\/dialogue-entre-la-cour-de-justice-de-lue-et-lavocat\/\" class=\"more-link\">Continuer la lecture <span class=\"screen-reader-text\"> \u00ab\u00a0Dialogue entre la Cour de justice de l&#8217;UE et l&#8217;avocat\u00a0\u00bb<\/span><\/a><\/p>\n","protected":false},"author":1,"featured_media":18558,"comment_status":"closed","ping_status":"closed","sticky":false,"template":"","format":"standard","meta":{"_acf_changed":false,"footnotes":""},"categories":[224],"tags":[226,205,206],"class_list":["post-18965","post","type-post","status-publish","format-standard","has-post-thumbnail","hentry","category-k-r-media","tag-kaufhold-reveillaud","tag-law","tag-luxembourg","entry"],"acf":[],"yoast_head":"<!-- This site is optimized with the Yoast SEO plugin v26.7 - https:\/\/yoast.com\/wordpress\/plugins\/seo\/ -->\n<title>Dialogue entre la Cour de justice de l&#039;UE et l&#039;avocat - Kaufhold et Reveillaud Avocats<\/title>\n<meta name=\"robots\" content=\"index, follow, max-snippet:-1, max-image-preview:large, max-video-preview:-1\" \/>\n<link rel=\"canonical\" href=\"https:\/\/www.kaufholdreveillaud.lu\/fr\/dialogue-entre-la-cour-de-justice-de-lue-et-lavocat\/\" \/>\n<meta property=\"og:locale\" content=\"fr_FR\" \/>\n<meta property=\"og:type\" content=\"article\" \/>\n<meta property=\"og:title\" content=\"Dialogue entre la Cour de justice de l&#039;UE et l&#039;avocat - Kaufhold et Reveillaud Avocats\" \/>\n<meta property=\"og:description\" content=\"En tant que secr\u00e9taire g\u00e9n\u00e9ral de la F\u00e9d\u00e9ration des barreaux europ\u00e9ens (FBE), Charles Kaufhold, associ\u00e9 de Kaufhold &amp; R\u00e9veillaud, Avocats, a \u00e9t\u00e9 cit\u00e9 dans un article sur l&#8217;organisation et son prochain \u00e9v\u00e9nement sur le th\u00e8me du dialogue entre la Cour de justice de l&#8217;Union europ\u00e9enne et l&#8217;avocat. La FBE, fond\u00e9e en 1992, a pour objectif &hellip; Continuer la lecture \u00ab\u00a0Dialogue entre la Cour de justice de l&#8217;UE et l&#8217;avocat\u00a0\u00bb\" \/>\n<meta property=\"og:url\" content=\"https:\/\/www.kaufholdreveillaud.lu\/fr\/dialogue-entre-la-cour-de-justice-de-lue-et-lavocat\/\" \/>\n<meta property=\"og:site_name\" content=\"Kaufhold et Reveillaud Avocats\" \/>\n<meta property=\"article:published_time\" content=\"2016-06-15T02:18:30+00:00\" \/>\n<meta property=\"og:image\" content=\"https:\/\/www.kaufholdreveillaud.lu\/wp-content\/uploads\/kaufhold-1.jpeg\" \/>\n\t<meta property=\"og:image:width\" content=\"960\" \/>\n\t<meta property=\"og:image:height\" content=\"576\" \/>\n\t<meta property=\"og:image:type\" content=\"image\/jpeg\" \/>\n<meta name=\"author\" content=\"dominocommunication\" \/>\n<meta name=\"twitter:card\" content=\"summary_large_image\" \/>\n<meta name=\"twitter:label1\" content=\"\u00c9crit par\" \/>\n\t<meta name=\"twitter:data1\" content=\"dominocommunication\" \/>\n<script type=\"application\/ld+json\" class=\"yoast-schema-graph\">{\"@context\":\"https:\/\/schema.org\",\"@graph\":[{\"@type\":\"Article\",\"@id\":\"https:\/\/www.kaufholdreveillaud.lu\/fr\/dialogue-entre-la-cour-de-justice-de-lue-et-lavocat\/#article\",\"isPartOf\":{\"@id\":\"https:\/\/www.kaufholdreveillaud.lu\/fr\/dialogue-entre-la-cour-de-justice-de-lue-et-lavocat\/\"},\"author\":{\"name\":\"dominocommunication\",\"@id\":\"https:\/\/www.kaufholdreveillaud.lu\/fr\/#\/schema\/person\/ebd09ee45fb11871fb000e8dca1c069f\"},\"headline\":\"Dialogue entre la Cour de justice de l&#8217;UE et l&#8217;avocat\",\"datePublished\":\"2016-06-15T02:18:30+00:00\",\"mainEntityOfPage\":{\"@id\":\"https:\/\/www.kaufholdreveillaud.lu\/fr\/dialogue-entre-la-cour-de-justice-de-lue-et-lavocat\/\"},\"wordCount\":105,\"image\":{\"@id\":\"https:\/\/www.kaufholdreveillaud.lu\/fr\/dialogue-entre-la-cour-de-justice-de-lue-et-lavocat\/#primaryimage\"},\"thumbnailUrl\":\"https:\/\/www.kaufholdreveillaud.lu\/wp-content\/uploads\/kaufhold-1.jpeg\",\"keywords\":[\"Kaufhold &amp; Reveillaud\",\"Law\",\"Luxembourg\"],\"articleSection\":[\"K&amp;R dans les m\u00e9dias\"],\"inLanguage\":\"fr-FR\"},{\"@type\":\"WebPage\",\"@id\":\"https:\/\/www.kaufholdreveillaud.lu\/fr\/dialogue-entre-la-cour-de-justice-de-lue-et-lavocat\/\",\"url\":\"https:\/\/www.kaufholdreveillaud.lu\/fr\/dialogue-entre-la-cour-de-justice-de-lue-et-lavocat\/\",\"name\":\"Dialogue entre la Cour de justice de l'UE et l'avocat - Kaufhold et Reveillaud Avocats\",\"isPartOf\":{\"@id\":\"https:\/\/www.kaufholdreveillaud.lu\/fr\/#website\"},\"primaryImageOfPage\":{\"@id\":\"https:\/\/www.kaufholdreveillaud.lu\/fr\/dialogue-entre-la-cour-de-justice-de-lue-et-lavocat\/#primaryimage\"},\"image\":{\"@id\":\"https:\/\/www.kaufholdreveillaud.lu\/fr\/dialogue-entre-la-cour-de-justice-de-lue-et-lavocat\/#primaryimage\"},\"thumbnailUrl\":\"https:\/\/www.kaufholdreveillaud.lu\/wp-content\/uploads\/kaufhold-1.jpeg\",\"datePublished\":\"2016-06-15T02:18:30+00:00\",\"author\":{\"@id\":\"https:\/\/www.kaufholdreveillaud.lu\/fr\/#\/schema\/person\/ebd09ee45fb11871fb000e8dca1c069f\"},\"breadcrumb\":{\"@id\":\"https:\/\/www.kaufholdreveillaud.lu\/fr\/dialogue-entre-la-cour-de-justice-de-lue-et-lavocat\/#breadcrumb\"},\"inLanguage\":\"fr-FR\",\"potentialAction\":[{\"@type\":\"ReadAction\",\"target\":[\"https:\/\/www.kaufholdreveillaud.lu\/fr\/dialogue-entre-la-cour-de-justice-de-lue-et-lavocat\/\"]}]},{\"@type\":\"ImageObject\",\"inLanguage\":\"fr-FR\",\"@id\":\"https:\/\/www.kaufholdreveillaud.lu\/fr\/dialogue-entre-la-cour-de-justice-de-lue-et-lavocat\/#primaryimage\",\"url\":\"https:\/\/www.kaufholdreveillaud.lu\/wp-content\/uploads\/kaufhold-1.jpeg\",\"contentUrl\":\"https:\/\/www.kaufholdreveillaud.lu\/wp-content\/uploads\/kaufhold-1.jpeg\",\"width\":960,\"height\":576},{\"@type\":\"BreadcrumbList\",\"@id\":\"https:\/\/www.kaufholdreveillaud.lu\/fr\/dialogue-entre-la-cour-de-justice-de-lue-et-lavocat\/#breadcrumb\",\"itemListElement\":[{\"@type\":\"ListItem\",\"position\":1,\"name\":\"Home\",\"item\":\"https:\/\/www.kaufholdreveillaud.lu\/fr\/\"},{\"@type\":\"ListItem\",\"position\":2,\"name\":\"Dialogue entre la Cour de justice de l&#8217;UE et l&#8217;avocat\"}]},{\"@type\":\"WebSite\",\"@id\":\"https:\/\/www.kaufholdreveillaud.lu\/fr\/#website\",\"url\":\"https:\/\/www.kaufholdreveillaud.lu\/fr\/\",\"name\":\"Kaufhold et Reveillaud Avocats\",\"description\":\"Etude d&#039;avocats \u00e0 Luxembourg\",\"potentialAction\":[{\"@type\":\"SearchAction\",\"target\":{\"@type\":\"EntryPoint\",\"urlTemplate\":\"https:\/\/www.kaufholdreveillaud.lu\/fr\/?s={search_term_string}\"},\"query-input\":{\"@type\":\"PropertyValueSpecification\",\"valueRequired\":true,\"valueName\":\"search_term_string\"}}],\"inLanguage\":\"fr-FR\"},{\"@type\":\"Person\",\"@id\":\"https:\/\/www.kaufholdreveillaud.lu\/fr\/#\/schema\/person\/ebd09ee45fb11871fb000e8dca1c069f\",\"name\":\"dominocommunication\",\"image\":{\"@type\":\"ImageObject\",\"inLanguage\":\"fr-FR\",\"@id\":\"https:\/\/www.kaufholdreveillaud.lu\/fr\/#\/schema\/person\/image\/\",\"url\":\"https:\/\/secure.gravatar.com\/avatar\/c28bb102a73f50ab9184028727da8e0470464f8d426a173be8e66399ed3df56d?s=96&d=mm&r=g\",\"contentUrl\":\"https:\/\/secure.gravatar.com\/avatar\/c28bb102a73f50ab9184028727da8e0470464f8d426a173be8e66399ed3df56d?s=96&d=mm&r=g\",\"caption\":\"dominocommunication\"},\"url\":\"https:\/\/www.kaufholdreveillaud.lu\/fr\/author\/dominocommunication\/\"}]}<\/script>\n<!-- \/ Yoast SEO plugin. -->","yoast_head_json":{"title":"Dialogue entre la Cour de justice de l'UE et l'avocat - Kaufhold et Reveillaud Avocats","robots":{"index":"index","follow":"follow","max-snippet":"max-snippet:-1","max-image-preview":"max-image-preview:large","max-video-preview":"max-video-preview:-1"},"canonical":"https:\/\/www.kaufholdreveillaud.lu\/fr\/dialogue-entre-la-cour-de-justice-de-lue-et-lavocat\/","og_locale":"fr_FR","og_type":"article","og_title":"Dialogue entre la Cour de justice de l'UE et l'avocat - Kaufhold et Reveillaud Avocats","og_description":"En tant que secr\u00e9taire g\u00e9n\u00e9ral de la F\u00e9d\u00e9ration des barreaux europ\u00e9ens (FBE), Charles Kaufhold, associ\u00e9 de Kaufhold &amp; R\u00e9veillaud, Avocats, a \u00e9t\u00e9 cit\u00e9 dans un article sur l&#8217;organisation et son prochain \u00e9v\u00e9nement sur le th\u00e8me du dialogue entre la Cour de justice de l&#8217;Union europ\u00e9enne et l&#8217;avocat. La FBE, fond\u00e9e en 1992, a pour objectif &hellip; Continuer la lecture \u00ab\u00a0Dialogue entre la Cour de justice de l&#8217;UE et l&#8217;avocat\u00a0\u00bb","og_url":"https:\/\/www.kaufholdreveillaud.lu\/fr\/dialogue-entre-la-cour-de-justice-de-lue-et-lavocat\/","og_site_name":"Kaufhold et Reveillaud Avocats","article_published_time":"2016-06-15T02:18:30+00:00","og_image":[{"width":960,"height":576,"url":"https:\/\/www.kaufholdreveillaud.lu\/wp-content\/uploads\/kaufhold-1.jpeg","type":"image\/jpeg"}],"author":"dominocommunication","twitter_card":"summary_large_image","twitter_misc":{"\u00c9crit par":"dominocommunication"},"schema":{"@context":"https:\/\/schema.org","@graph":[{"@type":"Article","@id":"https:\/\/www.kaufholdreveillaud.lu\/fr\/dialogue-entre-la-cour-de-justice-de-lue-et-lavocat\/#article","isPartOf":{"@id":"https:\/\/www.kaufholdreveillaud.lu\/fr\/dialogue-entre-la-cour-de-justice-de-lue-et-lavocat\/"},"author":{"name":"dominocommunication","@id":"https:\/\/www.kaufholdreveillaud.lu\/fr\/#\/schema\/person\/ebd09ee45fb11871fb000e8dca1c069f"},"headline":"Dialogue entre la Cour de justice de l&#8217;UE et l&#8217;avocat","datePublished":"2016-06-15T02:18:30+00:00","mainEntityOfPage":{"@id":"https:\/\/www.kaufholdreveillaud.lu\/fr\/dialogue-entre-la-cour-de-justice-de-lue-et-lavocat\/"},"wordCount":105,"image":{"@id":"https:\/\/www.kaufholdreveillaud.lu\/fr\/dialogue-entre-la-cour-de-justice-de-lue-et-lavocat\/#primaryimage"},"thumbnailUrl":"https:\/\/www.kaufholdreveillaud.lu\/wp-content\/uploads\/kaufhold-1.jpeg","keywords":["Kaufhold &amp; Reveillaud","Law","Luxembourg"],"articleSection":["K&amp;R dans les m\u00e9dias"],"inLanguage":"fr-FR"},{"@type":"WebPage","@id":"https:\/\/www.kaufholdreveillaud.lu\/fr\/dialogue-entre-la-cour-de-justice-de-lue-et-lavocat\/","url":"https:\/\/www.kaufholdreveillaud.lu\/fr\/dialogue-entre-la-cour-de-justice-de-lue-et-lavocat\/","name":"Dialogue entre la Cour de justice de l'UE et l'avocat - Kaufhold et Reveillaud Avocats","isPartOf":{"@id":"https:\/\/www.kaufholdreveillaud.lu\/fr\/#website"},"primaryImageOfPage":{"@id":"https:\/\/www.kaufholdreveillaud.lu\/fr\/dialogue-entre-la-cour-de-justice-de-lue-et-lavocat\/#primaryimage"},"image":{"@id":"https:\/\/www.kaufholdreveillaud.lu\/fr\/dialogue-entre-la-cour-de-justice-de-lue-et-lavocat\/#primaryimage"},"thumbnailUrl":"https:\/\/www.kaufholdreveillaud.lu\/wp-content\/uploads\/kaufhold-1.jpeg","datePublished":"2016-06-15T02:18:30+00:00","author":{"@id":"https:\/\/www.kaufholdreveillaud.lu\/fr\/#\/schema\/person\/ebd09ee45fb11871fb000e8dca1c069f"},"breadcrumb":{"@id":"https:\/\/www.kaufholdreveillaud.lu\/fr\/dialogue-entre-la-cour-de-justice-de-lue-et-lavocat\/#breadcrumb"},"inLanguage":"fr-FR","potentialAction":[{"@type":"ReadAction","target":["https:\/\/www.kaufholdreveillaud.lu\/fr\/dialogue-entre-la-cour-de-justice-de-lue-et-lavocat\/"]}]},{"@type":"ImageObject","inLanguage":"fr-FR","@id":"https:\/\/www.kaufholdreveillaud.lu\/fr\/dialogue-entre-la-cour-de-justice-de-lue-et-lavocat\/#primaryimage","url":"https:\/\/www.kaufholdreveillaud.lu\/wp-content\/uploads\/kaufhold-1.jpeg","contentUrl":"https:\/\/www.kaufholdreveillaud.lu\/wp-content\/uploads\/kaufhold-1.jpeg","width":960,"height":576},{"@type":"BreadcrumbList","@id":"https:\/\/www.kaufholdreveillaud.lu\/fr\/dialogue-entre-la-cour-de-justice-de-lue-et-lavocat\/#breadcrumb","itemListElement":[{"@type":"ListItem","position":1,"name":"Home","item":"https:\/\/www.kaufholdreveillaud.lu\/fr\/"},{"@type":"ListItem","position":2,"name":"Dialogue entre la Cour de justice de l&#8217;UE et l&#8217;avocat"}]},{"@type":"WebSite","@id":"https:\/\/www.kaufholdreveillaud.lu\/fr\/#website","url":"https:\/\/www.kaufholdreveillaud.lu\/fr\/","name":"Kaufhold et Reveillaud Avocats","description":"Etude d&#039;avocats \u00e0 Luxembourg","potentialAction":[{"@type":"SearchAction","target":{"@type":"EntryPoint","urlTemplate":"https:\/\/www.kaufholdreveillaud.lu\/fr\/?s={search_term_string}"},"query-input":{"@type":"PropertyValueSpecification","valueRequired":true,"valueName":"search_term_string"}}],"inLanguage":"fr-FR"},{"@type":"Person","@id":"https:\/\/www.kaufholdreveillaud.lu\/fr\/#\/schema\/person\/ebd09ee45fb11871fb000e8dca1c069f","name":"dominocommunication","image":{"@type":"ImageObject","inLanguage":"fr-FR","@id":"https:\/\/www.kaufholdreveillaud.lu\/fr\/#\/schema\/person\/image\/","url":"https:\/\/secure.gravatar.com\/avatar\/c28bb102a73f50ab9184028727da8e0470464f8d426a173be8e66399ed3df56d?s=96&d=mm&r=g","contentUrl":"https:\/\/secure.gravatar.com\/avatar\/c28bb102a73f50ab9184028727da8e0470464f8d426a173be8e66399ed3df56d?s=96&d=mm&r=g","caption":"dominocommunication"},"url":"https:\/\/www.kaufholdreveillaud.lu\/fr\/author\/dominocommunication\/"}]}},"_links":{"self":[{"href":"https:\/\/www.kaufholdreveillaud.lu\/fr\/wp-json\/wp\/v2\/posts\/18965","targetHints":{"allow":["GET"]}}],"collection":[{"href":"https:\/\/www.kaufholdreveillaud.lu\/fr\/wp-json\/wp\/v2\/posts"}],"about":[{"href":"https:\/\/www.kaufholdreveillaud.lu\/fr\/wp-json\/wp\/v2\/types\/post"}],"author":[{"embeddable":true,"href":"https:\/\/www.kaufholdreveillaud.lu\/fr\/wp-json\/wp\/v2\/users\/1"}],"replies":[{"embeddable":true,"href":"https:\/\/www.kaufholdreveillaud.lu\/fr\/wp-json\/wp\/v2\/comments?post=18965"}],"version-history":[{"count":0,"href":"https:\/\/www.kaufholdreveillaud.lu\/fr\/wp-json\/wp\/v2\/posts\/18965\/revisions"}],"wp:featuredmedia":[{"embeddable":true,"href":"https:\/\/www.kaufholdreveillaud.lu\/fr\/wp-json\/wp\/v2\/media\/18558"}],"wp:attachment":[{"href":"https:\/\/www.kaufholdreveillaud.lu\/fr\/wp-json\/wp\/v2\/media?parent=18965"}],"wp:term":[{"taxonomy":"category","embeddable":true,"href":"https:\/\/www.kaufholdreveillaud.lu\/fr\/wp-json\/wp\/v2\/categories?post=18965"},{"taxonomy":"post_tag","embeddable":true,"href":"https:\/\/www.kaufholdreveillaud.lu\/fr\/wp-json\/wp\/v2\/tags?post=18965"}],"curies":[{"name":"wp","href":"https:\/\/api.w.org\/{rel}","templated":true}]}}