
{"id":18684,"date":"2016-04-21T04:09:13","date_gmt":"2016-04-21T02:09:13","guid":{"rendered":"https:\/\/www.kaufholdreveillaud.dominocom.lu\/investas-to-resurrect-raus-law\/"},"modified":"2023-11-15T17:42:31","modified_gmt":"2023-11-15T16:42:31","slug":"investas-to-resurrect-raus-law","status":"publish","type":"post","link":"https:\/\/www.kaufholdreveillaud.lu\/fr\/investas-to-resurrect-raus-law\/","title":{"rendered":"Investas veut ressusciter la loi de Rau"},"content":{"rendered":"<p>La loi Rau, qui n&#8217;est plus en vigueur depuis 2005, favorisait les investissements dans les entreprises nationales en exon\u00e9rant une partie de ces investissements particuliers. Alors que le ministre des finances, Pierre Gramegna, s&#8217;appr\u00eate \u00e0 mettre en place un nouveau paquet de mesures fiscales, Investas r\u00e9fl\u00e9chit \u00e0 la mani\u00e8re dont la loi Rau pourrait \u00eatre am\u00e9lior\u00e9e pour se conformer aux normes europ\u00e9ennes, \u00e0 un moment o\u00f9 seulement 25,8 % des m\u00e9nages luxembourgeois investissent sur les march\u00e9s financiers, en particulier dans des fonds communs de placement, des actions et des obligations. En tant que tr\u00e9sorier d&#8217;Investas, l&#8217;avocat Emmanuel R\u00e9veillaud du cabinet Kaufhold &amp; R\u00e9veillaud souhaite voir se d\u00e9velopper un volet p\u00e9dagogique favorisant la prise de conscience des possibilit\u00e9s d&#8217;\u00e9pargne, notamment la mise en place d&#8217;une retraite.<\/p>\n<h3 style=\"text-align: center;\"><a href=\"https:\/\/www.wort.lu\/de\/business\/fiscalite-vers-une-nouvelle-loi-rau-5717c4bc1bea9dff8fa766fd\" target=\"_blank\" rel=\"noopener\">Article complet sur le Luxemburger Wort<\/a><\/h3>\n","protected":false},"excerpt":{"rendered":"<p>La loi Rau, qui n&#8217;est plus en vigueur depuis 2005, favorisait les investissements dans les entreprises nationales en exon\u00e9rant une partie de ces investissements particuliers. Alors que le ministre des finances, Pierre Gramegna, s&#8217;appr\u00eate \u00e0 mettre en place un nouveau paquet de mesures fiscales, Investas r\u00e9fl\u00e9chit \u00e0 la mani\u00e8re dont la loi Rau pourrait \u00eatre &hellip; <\/p>\n<p class=\"link-more\"><a href=\"https:\/\/www.kaufholdreveillaud.lu\/fr\/investas-to-resurrect-raus-law\/\" class=\"more-link\">Continuer la lecture <span class=\"screen-reader-text\"> \u00ab\u00a0Investas veut ressusciter la loi de Rau\u00a0\u00bb<\/span><\/a><\/p>\n","protected":false},"author":1,"featured_media":18562,"comment_status":"open","ping_status":"closed","sticky":false,"template":"","format":"standard","meta":{"_acf_changed":false,"footnotes":""},"categories":[224],"tags":[215,227,229,226,205,206],"class_list":["post-18684","post","type-post","status-publish","format-standard","has-post-thumbnail","hentry","category-k-r-media","tag-business","tag-corporate","tag-finance","tag-kaufhold-reveillaud","tag-law","tag-luxembourg","entry"],"acf":[],"yoast_head":"<!-- This site is optimized with the Yoast SEO plugin v26.7 - https:\/\/yoast.com\/wordpress\/plugins\/seo\/ -->\n<title>Investas veut ressusciter la loi de Rau - Kaufhold et Reveillaud Avocats<\/title>\n<meta name=\"robots\" content=\"index, follow, max-snippet:-1, max-image-preview:large, max-video-preview:-1\" \/>\n<link rel=\"canonical\" href=\"https:\/\/www.kaufholdreveillaud.lu\/fr\/investas-to-resurrect-raus-law\/\" \/>\n<meta property=\"og:locale\" content=\"fr_FR\" \/>\n<meta property=\"og:type\" content=\"article\" \/>\n<meta property=\"og:title\" content=\"Investas veut ressusciter la loi de Rau - Kaufhold et Reveillaud Avocats\" \/>\n<meta property=\"og:description\" content=\"La loi Rau, qui n&#8217;est plus en vigueur depuis 2005, favorisait les investissements dans les entreprises nationales en exon\u00e9rant une partie de ces investissements particuliers. Alors que le ministre des finances, Pierre Gramegna, s&#8217;appr\u00eate \u00e0 mettre en place un nouveau paquet de mesures fiscales, Investas r\u00e9fl\u00e9chit \u00e0 la mani\u00e8re dont la loi Rau pourrait \u00eatre &hellip; Continuer la lecture \u00ab\u00a0Investas veut ressusciter la loi de Rau\u00a0\u00bb\" \/>\n<meta property=\"og:url\" content=\"https:\/\/www.kaufholdreveillaud.lu\/fr\/investas-to-resurrect-raus-law\/\" \/>\n<meta property=\"og:site_name\" content=\"Kaufhold et Reveillaud Avocats\" \/>\n<meta property=\"article:published_time\" content=\"2016-04-21T02:09:13+00:00\" \/>\n<meta property=\"article:modified_time\" content=\"2023-11-15T16:42:31+00:00\" \/>\n<meta property=\"og:image\" content=\"https:\/\/www.kaufholdreveillaud.lu\/wp-content\/uploads\/reveillaud.jpeg\" \/>\n\t<meta property=\"og:image:width\" content=\"960\" \/>\n\t<meta property=\"og:image:height\" content=\"539\" \/>\n\t<meta property=\"og:image:type\" content=\"image\/jpeg\" \/>\n<meta name=\"author\" content=\"dominocommunication\" \/>\n<meta name=\"twitter:card\" content=\"summary_large_image\" \/>\n<meta name=\"twitter:label1\" content=\"\u00c9crit par\" \/>\n\t<meta name=\"twitter:data1\" content=\"dominocommunication\" \/>\n\t<meta name=\"twitter:label2\" content=\"Dur\u00e9e de lecture estim\u00e9e\" \/>\n\t<meta name=\"twitter:data2\" content=\"1 minute\" \/>\n<script type=\"application\/ld+json\" class=\"yoast-schema-graph\">{\"@context\":\"https:\/\/schema.org\",\"@graph\":[{\"@type\":\"Article\",\"@id\":\"https:\/\/www.kaufholdreveillaud.lu\/fr\/investas-to-resurrect-raus-law\/#article\",\"isPartOf\":{\"@id\":\"https:\/\/www.kaufholdreveillaud.lu\/fr\/investas-to-resurrect-raus-law\/\"},\"author\":{\"name\":\"dominocommunication\",\"@id\":\"https:\/\/www.kaufholdreveillaud.lu\/fr\/#\/schema\/person\/ebd09ee45fb11871fb000e8dca1c069f\"},\"headline\":\"Investas veut ressusciter la loi de Rau\",\"datePublished\":\"2016-04-21T02:09:13+00:00\",\"dateModified\":\"2023-11-15T16:42:31+00:00\",\"mainEntityOfPage\":{\"@id\":\"https:\/\/www.kaufholdreveillaud.lu\/fr\/investas-to-resurrect-raus-law\/\"},\"wordCount\":154,\"commentCount\":0,\"image\":{\"@id\":\"https:\/\/www.kaufholdreveillaud.lu\/fr\/investas-to-resurrect-raus-law\/#primaryimage\"},\"thumbnailUrl\":\"https:\/\/www.kaufholdreveillaud.lu\/wp-content\/uploads\/reveillaud.jpeg\",\"keywords\":[\"Business\",\"corporate\",\"finance\",\"Kaufhold &amp; Reveillaud\",\"Law\",\"Luxembourg\"],\"articleSection\":[\"K&amp;R dans les m\u00e9dias\"],\"inLanguage\":\"fr-FR\",\"potentialAction\":[{\"@type\":\"CommentAction\",\"name\":\"Comment\",\"target\":[\"https:\/\/www.kaufholdreveillaud.lu\/fr\/investas-to-resurrect-raus-law\/#respond\"]}]},{\"@type\":\"WebPage\",\"@id\":\"https:\/\/www.kaufholdreveillaud.lu\/fr\/investas-to-resurrect-raus-law\/\",\"url\":\"https:\/\/www.kaufholdreveillaud.lu\/fr\/investas-to-resurrect-raus-law\/\",\"name\":\"Investas veut ressusciter la loi de Rau - Kaufhold et Reveillaud Avocats\",\"isPartOf\":{\"@id\":\"https:\/\/www.kaufholdreveillaud.lu\/fr\/#website\"},\"primaryImageOfPage\":{\"@id\":\"https:\/\/www.kaufholdreveillaud.lu\/fr\/investas-to-resurrect-raus-law\/#primaryimage\"},\"image\":{\"@id\":\"https:\/\/www.kaufholdreveillaud.lu\/fr\/investas-to-resurrect-raus-law\/#primaryimage\"},\"thumbnailUrl\":\"https:\/\/www.kaufholdreveillaud.lu\/wp-content\/uploads\/reveillaud.jpeg\",\"datePublished\":\"2016-04-21T02:09:13+00:00\",\"dateModified\":\"2023-11-15T16:42:31+00:00\",\"author\":{\"@id\":\"https:\/\/www.kaufholdreveillaud.lu\/fr\/#\/schema\/person\/ebd09ee45fb11871fb000e8dca1c069f\"},\"breadcrumb\":{\"@id\":\"https:\/\/www.kaufholdreveillaud.lu\/fr\/investas-to-resurrect-raus-law\/#breadcrumb\"},\"inLanguage\":\"fr-FR\",\"potentialAction\":[{\"@type\":\"ReadAction\",\"target\":[\"https:\/\/www.kaufholdreveillaud.lu\/fr\/investas-to-resurrect-raus-law\/\"]}]},{\"@type\":\"ImageObject\",\"inLanguage\":\"fr-FR\",\"@id\":\"https:\/\/www.kaufholdreveillaud.lu\/fr\/investas-to-resurrect-raus-law\/#primaryimage\",\"url\":\"https:\/\/www.kaufholdreveillaud.lu\/wp-content\/uploads\/reveillaud.jpeg\",\"contentUrl\":\"https:\/\/www.kaufholdreveillaud.lu\/wp-content\/uploads\/reveillaud.jpeg\",\"width\":960,\"height\":539},{\"@type\":\"BreadcrumbList\",\"@id\":\"https:\/\/www.kaufholdreveillaud.lu\/fr\/investas-to-resurrect-raus-law\/#breadcrumb\",\"itemListElement\":[{\"@type\":\"ListItem\",\"position\":1,\"name\":\"Home\",\"item\":\"https:\/\/www.kaufholdreveillaud.lu\/fr\/\"},{\"@type\":\"ListItem\",\"position\":2,\"name\":\"Investas veut ressusciter la loi de Rau\"}]},{\"@type\":\"WebSite\",\"@id\":\"https:\/\/www.kaufholdreveillaud.lu\/fr\/#website\",\"url\":\"https:\/\/www.kaufholdreveillaud.lu\/fr\/\",\"name\":\"Kaufhold et Reveillaud Avocats\",\"description\":\"Etude d&#039;avocats \u00e0 Luxembourg\",\"potentialAction\":[{\"@type\":\"SearchAction\",\"target\":{\"@type\":\"EntryPoint\",\"urlTemplate\":\"https:\/\/www.kaufholdreveillaud.lu\/fr\/?s={search_term_string}\"},\"query-input\":{\"@type\":\"PropertyValueSpecification\",\"valueRequired\":true,\"valueName\":\"search_term_string\"}}],\"inLanguage\":\"fr-FR\"},{\"@type\":\"Person\",\"@id\":\"https:\/\/www.kaufholdreveillaud.lu\/fr\/#\/schema\/person\/ebd09ee45fb11871fb000e8dca1c069f\",\"name\":\"dominocommunication\",\"image\":{\"@type\":\"ImageObject\",\"inLanguage\":\"fr-FR\",\"@id\":\"https:\/\/www.kaufholdreveillaud.lu\/fr\/#\/schema\/person\/image\/\",\"url\":\"https:\/\/secure.gravatar.com\/avatar\/c28bb102a73f50ab9184028727da8e0470464f8d426a173be8e66399ed3df56d?s=96&d=mm&r=g\",\"contentUrl\":\"https:\/\/secure.gravatar.com\/avatar\/c28bb102a73f50ab9184028727da8e0470464f8d426a173be8e66399ed3df56d?s=96&d=mm&r=g\",\"caption\":\"dominocommunication\"},\"url\":\"https:\/\/www.kaufholdreveillaud.lu\/fr\/author\/dominocommunication\/\"}]}<\/script>\n<!-- \/ Yoast SEO plugin. -->","yoast_head_json":{"title":"Investas veut ressusciter la loi de Rau - Kaufhold et Reveillaud Avocats","robots":{"index":"index","follow":"follow","max-snippet":"max-snippet:-1","max-image-preview":"max-image-preview:large","max-video-preview":"max-video-preview:-1"},"canonical":"https:\/\/www.kaufholdreveillaud.lu\/fr\/investas-to-resurrect-raus-law\/","og_locale":"fr_FR","og_type":"article","og_title":"Investas veut ressusciter la loi de Rau - Kaufhold et Reveillaud Avocats","og_description":"La loi Rau, qui n&#8217;est plus en vigueur depuis 2005, favorisait les investissements dans les entreprises nationales en exon\u00e9rant une partie de ces investissements particuliers. Alors que le ministre des finances, Pierre Gramegna, s&#8217;appr\u00eate \u00e0 mettre en place un nouveau paquet de mesures fiscales, Investas r\u00e9fl\u00e9chit \u00e0 la mani\u00e8re dont la loi Rau pourrait \u00eatre &hellip; Continuer la lecture \u00ab\u00a0Investas veut ressusciter la loi de Rau\u00a0\u00bb","og_url":"https:\/\/www.kaufholdreveillaud.lu\/fr\/investas-to-resurrect-raus-law\/","og_site_name":"Kaufhold et Reveillaud Avocats","article_published_time":"2016-04-21T02:09:13+00:00","article_modified_time":"2023-11-15T16:42:31+00:00","og_image":[{"width":960,"height":539,"url":"https:\/\/www.kaufholdreveillaud.lu\/wp-content\/uploads\/reveillaud.jpeg","type":"image\/jpeg"}],"author":"dominocommunication","twitter_card":"summary_large_image","twitter_misc":{"\u00c9crit par":"dominocommunication","Dur\u00e9e de lecture estim\u00e9e":"1 minute"},"schema":{"@context":"https:\/\/schema.org","@graph":[{"@type":"Article","@id":"https:\/\/www.kaufholdreveillaud.lu\/fr\/investas-to-resurrect-raus-law\/#article","isPartOf":{"@id":"https:\/\/www.kaufholdreveillaud.lu\/fr\/investas-to-resurrect-raus-law\/"},"author":{"name":"dominocommunication","@id":"https:\/\/www.kaufholdreveillaud.lu\/fr\/#\/schema\/person\/ebd09ee45fb11871fb000e8dca1c069f"},"headline":"Investas veut ressusciter la loi de Rau","datePublished":"2016-04-21T02:09:13+00:00","dateModified":"2023-11-15T16:42:31+00:00","mainEntityOfPage":{"@id":"https:\/\/www.kaufholdreveillaud.lu\/fr\/investas-to-resurrect-raus-law\/"},"wordCount":154,"commentCount":0,"image":{"@id":"https:\/\/www.kaufholdreveillaud.lu\/fr\/investas-to-resurrect-raus-law\/#primaryimage"},"thumbnailUrl":"https:\/\/www.kaufholdreveillaud.lu\/wp-content\/uploads\/reveillaud.jpeg","keywords":["Business","corporate","finance","Kaufhold &amp; Reveillaud","Law","Luxembourg"],"articleSection":["K&amp;R dans les m\u00e9dias"],"inLanguage":"fr-FR","potentialAction":[{"@type":"CommentAction","name":"Comment","target":["https:\/\/www.kaufholdreveillaud.lu\/fr\/investas-to-resurrect-raus-law\/#respond"]}]},{"@type":"WebPage","@id":"https:\/\/www.kaufholdreveillaud.lu\/fr\/investas-to-resurrect-raus-law\/","url":"https:\/\/www.kaufholdreveillaud.lu\/fr\/investas-to-resurrect-raus-law\/","name":"Investas veut ressusciter la loi de Rau - Kaufhold et Reveillaud Avocats","isPartOf":{"@id":"https:\/\/www.kaufholdreveillaud.lu\/fr\/#website"},"primaryImageOfPage":{"@id":"https:\/\/www.kaufholdreveillaud.lu\/fr\/investas-to-resurrect-raus-law\/#primaryimage"},"image":{"@id":"https:\/\/www.kaufholdreveillaud.lu\/fr\/investas-to-resurrect-raus-law\/#primaryimage"},"thumbnailUrl":"https:\/\/www.kaufholdreveillaud.lu\/wp-content\/uploads\/reveillaud.jpeg","datePublished":"2016-04-21T02:09:13+00:00","dateModified":"2023-11-15T16:42:31+00:00","author":{"@id":"https:\/\/www.kaufholdreveillaud.lu\/fr\/#\/schema\/person\/ebd09ee45fb11871fb000e8dca1c069f"},"breadcrumb":{"@id":"https:\/\/www.kaufholdreveillaud.lu\/fr\/investas-to-resurrect-raus-law\/#breadcrumb"},"inLanguage":"fr-FR","potentialAction":[{"@type":"ReadAction","target":["https:\/\/www.kaufholdreveillaud.lu\/fr\/investas-to-resurrect-raus-law\/"]}]},{"@type":"ImageObject","inLanguage":"fr-FR","@id":"https:\/\/www.kaufholdreveillaud.lu\/fr\/investas-to-resurrect-raus-law\/#primaryimage","url":"https:\/\/www.kaufholdreveillaud.lu\/wp-content\/uploads\/reveillaud.jpeg","contentUrl":"https:\/\/www.kaufholdreveillaud.lu\/wp-content\/uploads\/reveillaud.jpeg","width":960,"height":539},{"@type":"BreadcrumbList","@id":"https:\/\/www.kaufholdreveillaud.lu\/fr\/investas-to-resurrect-raus-law\/#breadcrumb","itemListElement":[{"@type":"ListItem","position":1,"name":"Home","item":"https:\/\/www.kaufholdreveillaud.lu\/fr\/"},{"@type":"ListItem","position":2,"name":"Investas veut ressusciter la loi de Rau"}]},{"@type":"WebSite","@id":"https:\/\/www.kaufholdreveillaud.lu\/fr\/#website","url":"https:\/\/www.kaufholdreveillaud.lu\/fr\/","name":"Kaufhold et Reveillaud Avocats","description":"Etude d&#039;avocats \u00e0 Luxembourg","potentialAction":[{"@type":"SearchAction","target":{"@type":"EntryPoint","urlTemplate":"https:\/\/www.kaufholdreveillaud.lu\/fr\/?s={search_term_string}"},"query-input":{"@type":"PropertyValueSpecification","valueRequired":true,"valueName":"search_term_string"}}],"inLanguage":"fr-FR"},{"@type":"Person","@id":"https:\/\/www.kaufholdreveillaud.lu\/fr\/#\/schema\/person\/ebd09ee45fb11871fb000e8dca1c069f","name":"dominocommunication","image":{"@type":"ImageObject","inLanguage":"fr-FR","@id":"https:\/\/www.kaufholdreveillaud.lu\/fr\/#\/schema\/person\/image\/","url":"https:\/\/secure.gravatar.com\/avatar\/c28bb102a73f50ab9184028727da8e0470464f8d426a173be8e66399ed3df56d?s=96&d=mm&r=g","contentUrl":"https:\/\/secure.gravatar.com\/avatar\/c28bb102a73f50ab9184028727da8e0470464f8d426a173be8e66399ed3df56d?s=96&d=mm&r=g","caption":"dominocommunication"},"url":"https:\/\/www.kaufholdreveillaud.lu\/fr\/author\/dominocommunication\/"}]}},"_links":{"self":[{"href":"https:\/\/www.kaufholdreveillaud.lu\/fr\/wp-json\/wp\/v2\/posts\/18684","targetHints":{"allow":["GET"]}}],"collection":[{"href":"https:\/\/www.kaufholdreveillaud.lu\/fr\/wp-json\/wp\/v2\/posts"}],"about":[{"href":"https:\/\/www.kaufholdreveillaud.lu\/fr\/wp-json\/wp\/v2\/types\/post"}],"author":[{"embeddable":true,"href":"https:\/\/www.kaufholdreveillaud.lu\/fr\/wp-json\/wp\/v2\/users\/1"}],"replies":[{"embeddable":true,"href":"https:\/\/www.kaufholdreveillaud.lu\/fr\/wp-json\/wp\/v2\/comments?post=18684"}],"version-history":[{"count":0,"href":"https:\/\/www.kaufholdreveillaud.lu\/fr\/wp-json\/wp\/v2\/posts\/18684\/revisions"}],"wp:featuredmedia":[{"embeddable":true,"href":"https:\/\/www.kaufholdreveillaud.lu\/fr\/wp-json\/wp\/v2\/media\/18562"}],"wp:attachment":[{"href":"https:\/\/www.kaufholdreveillaud.lu\/fr\/wp-json\/wp\/v2\/media?parent=18684"}],"wp:term":[{"taxonomy":"category","embeddable":true,"href":"https:\/\/www.kaufholdreveillaud.lu\/fr\/wp-json\/wp\/v2\/categories?post=18684"},{"taxonomy":"post_tag","embeddable":true,"href":"https:\/\/www.kaufholdreveillaud.lu\/fr\/wp-json\/wp\/v2\/tags?post=18684"}],"curies":[{"name":"wp","href":"https:\/\/api.w.org\/{rel}","templated":true}]}}