
{"id":18400,"date":"2022-02-13T19:04:11","date_gmt":"2022-02-13T19:04:11","guid":{"rendered":"http:\/\/www.kaufholdreveillaud.lu\/?p=3518"},"modified":"2023-11-15T08:28:48","modified_gmt":"2023-11-15T07:28:48","slug":"saisie-arret-sur-salaire","status":"publish","type":"post","link":"https:\/\/www.kaufholdreveillaud.lu\/fr\/saisie-arret-sur-salaire\/","title":{"rendered":"La saisie-arr\u00eat sur salaire, focus sur la proc\u00e9dure"},"content":{"rendered":"<p class=\"western\" lang=\"en-US\" align=\"justify\"><span lang=\"fr-FR\">Le r\u00e8glement grand-ducal du 15 janvier 2021, qui a pris effet le 29 janvier 2021, a permis de simplifier et d\u2019acc\u00e9l\u00e9rer la proc\u00e9dure de saisie-arr\u00eat sur salaire.<\/span><\/p>\n<p class=\"western\" lang=\"en-US\" align=\"justify\"><span lang=\"fr-FR\">La proc\u00e9dure de saisie-arr\u00eat sur salaire reste \u00e0 introduire par requ\u00eate aupr\u00e8s du Tribunal de paix, qui \u00e9met une ordonnance d\u2019autorisation lorsque la cr\u00e9ance \u00e0 la base de la saisie-arr\u00eat sur salaire lui semble justifi\u00e9e.<\/span><\/p>\n<p class=\"western\" lang=\"en-US\" align=\"justify\"><span lang=\"fr-FR\">Cependant, depuis l\u2019entr\u00e9e en vigueur du r\u00e8glement du 15 janvier 2021, la validation de la saisie-arr\u00eat sur salaire suite \u00e0 l\u2019ordonnance d\u2019autorisation peut \u00eatre obtenue par simple courrier au Tribunal de paix. <\/span><span lang=\"fr-FR\">Elle<\/span><span lang=\"fr-FR\"> ne n\u00e9cessite plus de convocation des parties \u00e0 une audience.<\/span><\/p>\n<p class=\"western\" lang=\"en-US\" align=\"justify\"><span lang=\"fr-FR\">Le d\u00e9biteur saisi dispose en effet d\u2019un d\u00e9lai d\u2019un mois \u00e0 partir de la notification de l\u2019ordonnance d\u2019autorisation pour introduire un recours contre celle-ci.<\/span><\/p>\n<p class=\"western\" lang=\"en-US\" align=\"justify\"><span lang=\"fr-FR\">Si aucun recours n\u2019est introduit, le cr\u00e9ancier saisissant peut solliciter la validation de la saisie-arr\u00eat sur salaire en adressant un simple courrier au Tribunal de paix.<\/span><\/p>\n<p class=\"western\" lang=\"en-US\" align=\"justify\"><span lang=\"fr-FR\">L\u2019ordonnance de validation est susceptible d\u2019un recours du d\u00e9biteur, qui peut former opposition dans les 15 jours de la notification de l\u2019ordonnance et dispose ensuite d\u2019un d\u00e9lai suppl\u00e9mentaire de 15 jours pour former appel.<\/span><\/p>\n<p class=\"western\" lang=\"en-US\" align=\"justify\"><span lang=\"fr-FR\">A d\u00e9faut de recours, le cr\u00e9ancier saisissant pourra poursuivre l\u2019ex\u00e9cution de la saisie aupr\u00e8s du tiers-saisi.<\/span><\/p>\n<p class=\"western\" lang=\"en-US\" align=\"justify\"><span lang=\"fr-FR\">Les cr\u00e9anciers saisissants peuvent donc dor\u00e9navant obtenir des d\u00e9cisions de justice validant les saisies-arr\u00eats sur salaire qu\u2019ils ont pratiqu\u00e9<\/span><span lang=\"fr-FR\">e<\/span><span lang=\"fr-FR\">s sans audience devant le Tribunal de paix, lorsque les saisies-arr\u00eats sur salaire sont bas\u00e9es sur une cr\u00e9ance incontest\u00e9e.<\/span><\/p>\n<p class=\"western\" lang=\"en-US\" align=\"justify\"><span lang=\"fr-FR\">Le r\u00e8glement grand-ducal du 15 janvier 2021 a donc permis de r\u00e9duire non seulement la dur\u00e9e de la proc\u00e9dure, mais \u00e9galement les frais engendr\u00e9s par celle-ci. <\/span><\/p>\n","protected":false},"excerpt":{"rendered":"<p>Le r\u00e8glement grand-ducal du 15 janvier 2021, qui a pris effet le 29 janvier 2021, a permis de simplifier et d\u2019acc\u00e9l\u00e9rer la proc\u00e9dure de saisie-arr\u00eat sur salaire. La proc\u00e9dure de saisie-arr\u00eat sur salaire reste \u00e0 introduire par requ\u00eate aupr\u00e8s du Tribunal de paix, qui \u00e9met une ordonnance d\u2019autorisation lorsque la cr\u00e9ance \u00e0 la base de &hellip; <\/p>\n<p class=\"link-more\"><a href=\"https:\/\/www.kaufholdreveillaud.lu\/fr\/saisie-arret-sur-salaire\/\" class=\"more-link\">Continuer la lecture <span class=\"screen-reader-text\"> \u00ab\u00a0La saisie-arr\u00eat sur salaire, focus sur la proc\u00e9dure\u00a0\u00bb<\/span><\/a><\/p>\n","protected":false},"author":1,"featured_media":18542,"comment_status":"closed","ping_status":"closed","sticky":false,"template":"","format":"standard","meta":{"_acf_changed":false,"footnotes":""},"categories":[224],"tags":[],"class_list":["post-18400","post","type-post","status-publish","format-standard","has-post-thumbnail","hentry","category-k-r-media","entry"],"acf":[],"yoast_head":"<!-- This site is optimized with the Yoast SEO plugin v26.7 - https:\/\/yoast.com\/wordpress\/plugins\/seo\/ -->\n<title>La saisie-arr\u00eat sur salaire, focus sur la proc\u00e9dure - Kaufhold et Reveillaud Avocats<\/title>\n<meta name=\"robots\" content=\"index, follow, max-snippet:-1, max-image-preview:large, max-video-preview:-1\" \/>\n<link rel=\"canonical\" href=\"https:\/\/www.kaufholdreveillaud.lu\/fr\/saisie-arret-sur-salaire\/\" \/>\n<meta property=\"og:locale\" content=\"fr_FR\" \/>\n<meta property=\"og:type\" content=\"article\" \/>\n<meta property=\"og:title\" content=\"La saisie-arr\u00eat sur salaire, focus sur la proc\u00e9dure - Kaufhold et Reveillaud Avocats\" \/>\n<meta property=\"og:description\" content=\"Le r\u00e8glement grand-ducal du 15 janvier 2021, qui a pris effet le 29 janvier 2021, a permis de simplifier et d\u2019acc\u00e9l\u00e9rer la proc\u00e9dure de saisie-arr\u00eat sur salaire. La proc\u00e9dure de saisie-arr\u00eat sur salaire reste \u00e0 introduire par requ\u00eate aupr\u00e8s du Tribunal de paix, qui \u00e9met une ordonnance d\u2019autorisation lorsque la cr\u00e9ance \u00e0 la base de &hellip; Continuer la lecture \u00ab\u00a0La saisie-arr\u00eat sur salaire, focus sur la proc\u00e9dure\u00a0\u00bb\" \/>\n<meta property=\"og:url\" content=\"https:\/\/www.kaufholdreveillaud.lu\/fr\/saisie-arret-sur-salaire\/\" \/>\n<meta property=\"og:site_name\" content=\"Kaufhold et Reveillaud Avocats\" \/>\n<meta property=\"article:published_time\" content=\"2022-02-13T19:04:11+00:00\" \/>\n<meta property=\"article:modified_time\" content=\"2023-11-15T07:28:48+00:00\" \/>\n<meta property=\"og:image\" content=\"https:\/\/www.kaufholdreveillaud.lu\/wp-content\/uploads\/saisie-arret.jpg\" \/>\n\t<meta property=\"og:image:width\" content=\"1200\" \/>\n\t<meta property=\"og:image:height\" content=\"800\" \/>\n\t<meta property=\"og:image:type\" content=\"image\/jpeg\" \/>\n<meta name=\"author\" content=\"dominocommunication\" \/>\n<meta name=\"twitter:card\" content=\"summary_large_image\" \/>\n<meta name=\"twitter:label1\" content=\"\u00c9crit par\" \/>\n\t<meta name=\"twitter:data1\" content=\"dominocommunication\" \/>\n\t<meta name=\"twitter:label2\" content=\"Dur\u00e9e de lecture estim\u00e9e\" \/>\n\t<meta name=\"twitter:data2\" content=\"2 minutes\" \/>\n<script type=\"application\/ld+json\" class=\"yoast-schema-graph\">{\"@context\":\"https:\/\/schema.org\",\"@graph\":[{\"@type\":\"Article\",\"@id\":\"https:\/\/www.kaufholdreveillaud.lu\/fr\/saisie-arret-sur-salaire\/#article\",\"isPartOf\":{\"@id\":\"https:\/\/www.kaufholdreveillaud.lu\/fr\/saisie-arret-sur-salaire\/\"},\"author\":{\"name\":\"dominocommunication\",\"@id\":\"https:\/\/www.kaufholdreveillaud.lu\/fr\/#\/schema\/person\/ebd09ee45fb11871fb000e8dca1c069f\"},\"headline\":\"La saisie-arr\u00eat sur salaire, focus sur la proc\u00e9dure\",\"datePublished\":\"2022-02-13T19:04:11+00:00\",\"dateModified\":\"2023-11-15T07:28:48+00:00\",\"mainEntityOfPage\":{\"@id\":\"https:\/\/www.kaufholdreveillaud.lu\/fr\/saisie-arret-sur-salaire\/\"},\"wordCount\":321,\"image\":{\"@id\":\"https:\/\/www.kaufholdreveillaud.lu\/fr\/saisie-arret-sur-salaire\/#primaryimage\"},\"thumbnailUrl\":\"https:\/\/www.kaufholdreveillaud.lu\/wp-content\/uploads\/saisie-arret.jpg\",\"articleSection\":[\"K&amp;R dans les m\u00e9dias\"],\"inLanguage\":\"fr-FR\"},{\"@type\":\"WebPage\",\"@id\":\"https:\/\/www.kaufholdreveillaud.lu\/fr\/saisie-arret-sur-salaire\/\",\"url\":\"https:\/\/www.kaufholdreveillaud.lu\/fr\/saisie-arret-sur-salaire\/\",\"name\":\"La saisie-arr\u00eat sur salaire, focus sur la proc\u00e9dure - Kaufhold et Reveillaud Avocats\",\"isPartOf\":{\"@id\":\"https:\/\/www.kaufholdreveillaud.lu\/fr\/#website\"},\"primaryImageOfPage\":{\"@id\":\"https:\/\/www.kaufholdreveillaud.lu\/fr\/saisie-arret-sur-salaire\/#primaryimage\"},\"image\":{\"@id\":\"https:\/\/www.kaufholdreveillaud.lu\/fr\/saisie-arret-sur-salaire\/#primaryimage\"},\"thumbnailUrl\":\"https:\/\/www.kaufholdreveillaud.lu\/wp-content\/uploads\/saisie-arret.jpg\",\"datePublished\":\"2022-02-13T19:04:11+00:00\",\"dateModified\":\"2023-11-15T07:28:48+00:00\",\"author\":{\"@id\":\"https:\/\/www.kaufholdreveillaud.lu\/fr\/#\/schema\/person\/ebd09ee45fb11871fb000e8dca1c069f\"},\"breadcrumb\":{\"@id\":\"https:\/\/www.kaufholdreveillaud.lu\/fr\/saisie-arret-sur-salaire\/#breadcrumb\"},\"inLanguage\":\"fr-FR\",\"potentialAction\":[{\"@type\":\"ReadAction\",\"target\":[\"https:\/\/www.kaufholdreveillaud.lu\/fr\/saisie-arret-sur-salaire\/\"]}]},{\"@type\":\"ImageObject\",\"inLanguage\":\"fr-FR\",\"@id\":\"https:\/\/www.kaufholdreveillaud.lu\/fr\/saisie-arret-sur-salaire\/#primaryimage\",\"url\":\"https:\/\/www.kaufholdreveillaud.lu\/wp-content\/uploads\/saisie-arret.jpg\",\"contentUrl\":\"https:\/\/www.kaufholdreveillaud.lu\/wp-content\/uploads\/saisie-arret.jpg\",\"width\":1200,\"height\":800},{\"@type\":\"BreadcrumbList\",\"@id\":\"https:\/\/www.kaufholdreveillaud.lu\/fr\/saisie-arret-sur-salaire\/#breadcrumb\",\"itemListElement\":[{\"@type\":\"ListItem\",\"position\":1,\"name\":\"Home\",\"item\":\"https:\/\/www.kaufholdreveillaud.lu\/fr\/\"},{\"@type\":\"ListItem\",\"position\":2,\"name\":\"La saisie-arr\u00eat sur salaire, focus sur la proc\u00e9dure\"}]},{\"@type\":\"WebSite\",\"@id\":\"https:\/\/www.kaufholdreveillaud.lu\/fr\/#website\",\"url\":\"https:\/\/www.kaufholdreveillaud.lu\/fr\/\",\"name\":\"Kaufhold et Reveillaud Avocats\",\"description\":\"Etude d&#039;avocats \u00e0 Luxembourg\",\"potentialAction\":[{\"@type\":\"SearchAction\",\"target\":{\"@type\":\"EntryPoint\",\"urlTemplate\":\"https:\/\/www.kaufholdreveillaud.lu\/fr\/?s={search_term_string}\"},\"query-input\":{\"@type\":\"PropertyValueSpecification\",\"valueRequired\":true,\"valueName\":\"search_term_string\"}}],\"inLanguage\":\"fr-FR\"},{\"@type\":\"Person\",\"@id\":\"https:\/\/www.kaufholdreveillaud.lu\/fr\/#\/schema\/person\/ebd09ee45fb11871fb000e8dca1c069f\",\"name\":\"dominocommunication\",\"image\":{\"@type\":\"ImageObject\",\"inLanguage\":\"fr-FR\",\"@id\":\"https:\/\/www.kaufholdreveillaud.lu\/fr\/#\/schema\/person\/image\/\",\"url\":\"https:\/\/secure.gravatar.com\/avatar\/c28bb102a73f50ab9184028727da8e0470464f8d426a173be8e66399ed3df56d?s=96&d=mm&r=g\",\"contentUrl\":\"https:\/\/secure.gravatar.com\/avatar\/c28bb102a73f50ab9184028727da8e0470464f8d426a173be8e66399ed3df56d?s=96&d=mm&r=g\",\"caption\":\"dominocommunication\"},\"url\":\"https:\/\/www.kaufholdreveillaud.lu\/fr\/author\/dominocommunication\/\"}]}<\/script>\n<!-- \/ Yoast SEO plugin. -->","yoast_head_json":{"title":"La saisie-arr\u00eat sur salaire, focus sur la proc\u00e9dure - Kaufhold et Reveillaud Avocats","robots":{"index":"index","follow":"follow","max-snippet":"max-snippet:-1","max-image-preview":"max-image-preview:large","max-video-preview":"max-video-preview:-1"},"canonical":"https:\/\/www.kaufholdreveillaud.lu\/fr\/saisie-arret-sur-salaire\/","og_locale":"fr_FR","og_type":"article","og_title":"La saisie-arr\u00eat sur salaire, focus sur la proc\u00e9dure - Kaufhold et Reveillaud Avocats","og_description":"Le r\u00e8glement grand-ducal du 15 janvier 2021, qui a pris effet le 29 janvier 2021, a permis de simplifier et d\u2019acc\u00e9l\u00e9rer la proc\u00e9dure de saisie-arr\u00eat sur salaire. La proc\u00e9dure de saisie-arr\u00eat sur salaire reste \u00e0 introduire par requ\u00eate aupr\u00e8s du Tribunal de paix, qui \u00e9met une ordonnance d\u2019autorisation lorsque la cr\u00e9ance \u00e0 la base de &hellip; Continuer la lecture \u00ab\u00a0La saisie-arr\u00eat sur salaire, focus sur la proc\u00e9dure\u00a0\u00bb","og_url":"https:\/\/www.kaufholdreveillaud.lu\/fr\/saisie-arret-sur-salaire\/","og_site_name":"Kaufhold et Reveillaud Avocats","article_published_time":"2022-02-13T19:04:11+00:00","article_modified_time":"2023-11-15T07:28:48+00:00","og_image":[{"width":1200,"height":800,"url":"https:\/\/www.kaufholdreveillaud.lu\/wp-content\/uploads\/saisie-arret.jpg","type":"image\/jpeg"}],"author":"dominocommunication","twitter_card":"summary_large_image","twitter_misc":{"\u00c9crit par":"dominocommunication","Dur\u00e9e de lecture estim\u00e9e":"2 minutes"},"schema":{"@context":"https:\/\/schema.org","@graph":[{"@type":"Article","@id":"https:\/\/www.kaufholdreveillaud.lu\/fr\/saisie-arret-sur-salaire\/#article","isPartOf":{"@id":"https:\/\/www.kaufholdreveillaud.lu\/fr\/saisie-arret-sur-salaire\/"},"author":{"name":"dominocommunication","@id":"https:\/\/www.kaufholdreveillaud.lu\/fr\/#\/schema\/person\/ebd09ee45fb11871fb000e8dca1c069f"},"headline":"La saisie-arr\u00eat sur salaire, focus sur la proc\u00e9dure","datePublished":"2022-02-13T19:04:11+00:00","dateModified":"2023-11-15T07:28:48+00:00","mainEntityOfPage":{"@id":"https:\/\/www.kaufholdreveillaud.lu\/fr\/saisie-arret-sur-salaire\/"},"wordCount":321,"image":{"@id":"https:\/\/www.kaufholdreveillaud.lu\/fr\/saisie-arret-sur-salaire\/#primaryimage"},"thumbnailUrl":"https:\/\/www.kaufholdreveillaud.lu\/wp-content\/uploads\/saisie-arret.jpg","articleSection":["K&amp;R dans les m\u00e9dias"],"inLanguage":"fr-FR"},{"@type":"WebPage","@id":"https:\/\/www.kaufholdreveillaud.lu\/fr\/saisie-arret-sur-salaire\/","url":"https:\/\/www.kaufholdreveillaud.lu\/fr\/saisie-arret-sur-salaire\/","name":"La saisie-arr\u00eat sur salaire, focus sur la proc\u00e9dure - Kaufhold et Reveillaud Avocats","isPartOf":{"@id":"https:\/\/www.kaufholdreveillaud.lu\/fr\/#website"},"primaryImageOfPage":{"@id":"https:\/\/www.kaufholdreveillaud.lu\/fr\/saisie-arret-sur-salaire\/#primaryimage"},"image":{"@id":"https:\/\/www.kaufholdreveillaud.lu\/fr\/saisie-arret-sur-salaire\/#primaryimage"},"thumbnailUrl":"https:\/\/www.kaufholdreveillaud.lu\/wp-content\/uploads\/saisie-arret.jpg","datePublished":"2022-02-13T19:04:11+00:00","dateModified":"2023-11-15T07:28:48+00:00","author":{"@id":"https:\/\/www.kaufholdreveillaud.lu\/fr\/#\/schema\/person\/ebd09ee45fb11871fb000e8dca1c069f"},"breadcrumb":{"@id":"https:\/\/www.kaufholdreveillaud.lu\/fr\/saisie-arret-sur-salaire\/#breadcrumb"},"inLanguage":"fr-FR","potentialAction":[{"@type":"ReadAction","target":["https:\/\/www.kaufholdreveillaud.lu\/fr\/saisie-arret-sur-salaire\/"]}]},{"@type":"ImageObject","inLanguage":"fr-FR","@id":"https:\/\/www.kaufholdreveillaud.lu\/fr\/saisie-arret-sur-salaire\/#primaryimage","url":"https:\/\/www.kaufholdreveillaud.lu\/wp-content\/uploads\/saisie-arret.jpg","contentUrl":"https:\/\/www.kaufholdreveillaud.lu\/wp-content\/uploads\/saisie-arret.jpg","width":1200,"height":800},{"@type":"BreadcrumbList","@id":"https:\/\/www.kaufholdreveillaud.lu\/fr\/saisie-arret-sur-salaire\/#breadcrumb","itemListElement":[{"@type":"ListItem","position":1,"name":"Home","item":"https:\/\/www.kaufholdreveillaud.lu\/fr\/"},{"@type":"ListItem","position":2,"name":"La saisie-arr\u00eat sur salaire, focus sur la proc\u00e9dure"}]},{"@type":"WebSite","@id":"https:\/\/www.kaufholdreveillaud.lu\/fr\/#website","url":"https:\/\/www.kaufholdreveillaud.lu\/fr\/","name":"Kaufhold et Reveillaud Avocats","description":"Etude d&#039;avocats \u00e0 Luxembourg","potentialAction":[{"@type":"SearchAction","target":{"@type":"EntryPoint","urlTemplate":"https:\/\/www.kaufholdreveillaud.lu\/fr\/?s={search_term_string}"},"query-input":{"@type":"PropertyValueSpecification","valueRequired":true,"valueName":"search_term_string"}}],"inLanguage":"fr-FR"},{"@type":"Person","@id":"https:\/\/www.kaufholdreveillaud.lu\/fr\/#\/schema\/person\/ebd09ee45fb11871fb000e8dca1c069f","name":"dominocommunication","image":{"@type":"ImageObject","inLanguage":"fr-FR","@id":"https:\/\/www.kaufholdreveillaud.lu\/fr\/#\/schema\/person\/image\/","url":"https:\/\/secure.gravatar.com\/avatar\/c28bb102a73f50ab9184028727da8e0470464f8d426a173be8e66399ed3df56d?s=96&d=mm&r=g","contentUrl":"https:\/\/secure.gravatar.com\/avatar\/c28bb102a73f50ab9184028727da8e0470464f8d426a173be8e66399ed3df56d?s=96&d=mm&r=g","caption":"dominocommunication"},"url":"https:\/\/www.kaufholdreveillaud.lu\/fr\/author\/dominocommunication\/"}]}},"_links":{"self":[{"href":"https:\/\/www.kaufholdreveillaud.lu\/fr\/wp-json\/wp\/v2\/posts\/18400","targetHints":{"allow":["GET"]}}],"collection":[{"href":"https:\/\/www.kaufholdreveillaud.lu\/fr\/wp-json\/wp\/v2\/posts"}],"about":[{"href":"https:\/\/www.kaufholdreveillaud.lu\/fr\/wp-json\/wp\/v2\/types\/post"}],"author":[{"embeddable":true,"href":"https:\/\/www.kaufholdreveillaud.lu\/fr\/wp-json\/wp\/v2\/users\/1"}],"replies":[{"embeddable":true,"href":"https:\/\/www.kaufholdreveillaud.lu\/fr\/wp-json\/wp\/v2\/comments?post=18400"}],"version-history":[{"count":0,"href":"https:\/\/www.kaufholdreveillaud.lu\/fr\/wp-json\/wp\/v2\/posts\/18400\/revisions"}],"wp:featuredmedia":[{"embeddable":true,"href":"https:\/\/www.kaufholdreveillaud.lu\/fr\/wp-json\/wp\/v2\/media\/18542"}],"wp:attachment":[{"href":"https:\/\/www.kaufholdreveillaud.lu\/fr\/wp-json\/wp\/v2\/media?parent=18400"}],"wp:term":[{"taxonomy":"category","embeddable":true,"href":"https:\/\/www.kaufholdreveillaud.lu\/fr\/wp-json\/wp\/v2\/categories?post=18400"},{"taxonomy":"post_tag","embeddable":true,"href":"https:\/\/www.kaufholdreveillaud.lu\/fr\/wp-json\/wp\/v2\/tags?post=18400"}],"curies":[{"name":"wp","href":"https:\/\/api.w.org\/{rel}","templated":true}]}}