
{"id":18388,"date":"2021-05-24T13:23:55","date_gmt":"2021-05-24T12:23:55","guid":{"rendered":"http:\/\/www.kaufholdreveillaud.lu\/?p=3217"},"modified":"2023-11-14T18:38:34","modified_gmt":"2023-11-14T17:38:34","slug":"le-sejour-des-ressortissants-de-plus-de-3-mois","status":"publish","type":"post","link":"https:\/\/www.kaufholdreveillaud.lu\/fr\/le-sejour-des-ressortissants-de-plus-de-3-mois\/","title":{"rendered":"Le s\u00e9jour des ressortissants de plus de 3 mois"},"content":{"rendered":"<p><span style=\"color: #000000;\">La loi modifi\u00e9e sur l\u2019immigration du 29 ao\u00fbt 2008 sur la libre circulation des personnes et l\u2019immigration r\u00e9git le s\u00e9jour des ressortissants de plus de trois mois r\u00e9sidants sur le sol du Grand-Duch\u00e9 du Luxembourg.<\/span><\/p>\n<p><span style=\"color: #000000;\">Cette loi regroupe diff\u00e9rentes autorisations de s\u00e9jour relatives \u00e0 diff\u00e9rentes cat\u00e9gories de personnes\u00a0:<\/span><\/p>\n<h2><span style=\"color: #000000;\"><strong>1) L\u2019autorisation de s\u00e9jour en vue d\u2019une activit\u00e9 salari\u00e9e.<\/strong><\/span><\/h2>\n<p><span style=\"color: #000000;\">Cette autorisation de s\u00e9jour permet au citoyen ressortissant d\u2019un pays tiers de travailler en tant que salari\u00e9 au Luxembourg et d\u2019y habiter.<\/span><\/p>\n<p><span style=\"color: #000000;\">Quatre conditions sont \u00e0 remplir\u00a0:<\/span><\/p>\n<ul>\n<li><span style=\"color: #000000;\">Pas de pr\u00e9judice port\u00e9 \u00e0 la priorit\u00e9 d\u2019embauche dont b\u00e9n\u00e9ficient certains travailleurs,<\/span><\/li>\n<li><span style=\"color: #000000;\">L\u2019activit\u00e9 salari\u00e9e sert les int\u00e9r\u00eats \u00e9conomiques du pays,<\/span><\/li>\n<li><span style=\"color: #000000;\">La personne dispose des qualifications professionnelles requises, et<\/span><\/li>\n<li><span style=\"color: #000000;\">La personne dispose d\u2019un contrat de travail pour un poste d\u00e9clar\u00e9 vacant aupr\u00e8s de l\u2019ADEM (Agence pour le D\u00e9veloppement de l\u2019Emploi).<\/span><\/li>\n<\/ul>\n<h2><span style=\"color: #000000;\"><strong>2) L\u2019autorisation de s\u00e9jour concernant l\u2019activit\u00e9 ind\u00e9pendante.<\/strong><\/span><\/h2>\n<p><span style=\"color: #000000;\">C\u2019est une autorisation n\u00e9cessaire \u00e0 la personne souhaitant exercer une profession non-salari\u00e9e au Luxembourg. Les conditions \u00e0 remplir en vue de son obtention sont\u00a0les suivantes:<\/span><\/p>\n<ul>\n<li><span style=\"color: #000000;\">La personne doit disposer des qualit\u00e9s requises par l\u2019autorit\u00e9 comp\u00e9tente pour exercer ladite activit\u00e9 ind\u00e9pendante,<\/span><\/li>\n<li><span style=\"color: #000000;\">La personne doit \u00e9galement disposer des ressources ad\u00e9quates pour l\u2019exercice de l\u2019activit\u00e9,<\/span><\/li>\n<li><span style=\"color: #000000;\">Et enfin, l\u2019activit\u00e9 doit servir les int\u00e9r\u00eats \u00e9conomiques du pays.<\/span><\/li>\n<\/ul>\n<h2><span style=\"color: #000000;\"><strong>3) L\u2019autorisation de s\u00e9jour du sportif<\/strong><\/span><\/h2>\n<p><span style=\"color: #000000;\">Cette autorisation permet au citoyen ressortissant d\u2019un pays tiers d\u2019exercer \u00e0 titre exclusif une activit\u00e9 de sportif ou d\u2019entra\u00eeneur. Il faut pour cela que :<\/span><\/p>\n<ul>\n<li><span style=\"color: #000000;\"> Le sportif ou l\u2019entra\u00eeneur ait conclut un contrat avec une f\u00e9d\u00e9ration ou un club agr\u00e9\u00e9 concernant le sport,<\/span><\/li>\n<li><span style=\"color: #000000;\">La r\u00e9mun\u00e9ration pr\u00e9vue ne soit pas inf\u00e9rieure au salaire social minimum fix\u00e9 pour un temps plein, et<\/span><\/li>\n<li><span style=\"color: #000000;\">Il soit couvert par une assurance maladie.<\/span><\/li>\n<\/ul>\n<h2><span style=\"color: #000000;\"><strong>4) L\u2019autorisation de s\u00e9jour concernant l\u2019\u00e9tudiant, l\u2019\u00e9l\u00e8ve, le stagiaire et le volontaire<\/strong><\/span><\/h2>\n<p><span style=\"color: #000000;\">Il s\u2019agit d\u2019une autorisation pour des personnes ressortissantes de pays tiers souhaitant venir au Luxembourg dans un but \u00e9ducatif ou li\u00e9 \u00e0 l\u2019\u00e9ducation.<\/span><\/p>\n<p><span style=\"color: #000000;\">Concernant l\u2019\u00e9tudiant, il doit\u00a0:<\/span><\/p>\n<ul>\n<li><span style=\"color: #000000;\">Etre admis dans un \u00e9tablissement d\u2019enseignements sup\u00e9rieurs pour y suivre un cycle d\u2019\u00e9tudes \u00e0 plein temps,<\/span><\/li>\n<li><span style=\"color: #000000;\">Disposer d\u2019une autorisation parentale s\u2019il n\u2019est pas majeur,<\/span><\/li>\n<li><span style=\"color: #000000;\">Rapporter la preuve qu\u2019il dispose de ressources suffisantes pour couvrir ses frais de s\u00e9jour et de retour, et<\/span><\/li>\n<li><span style=\"color: #000000;\">Etre couvert par une assurance maladie.<\/span><\/li>\n<\/ul>\n<p><span style=\"color: #000000;\">Concernant l\u2019\u00e9l\u00e8ve, les conditions sont les suivantes\u00a0:<\/span><\/p>\n<ul>\n<li><span style=\"color: #000000;\">Etre admis dans un \u00e9tablissement d\u2019enseignements secondaire,<\/span><\/li>\n<li><span style=\"color: #000000;\">Disposer d\u2019une autorisation parentale s\u2019il n\u2019est pas majeur et doit \u00eatre \u00e2g\u00e9 au minimum de 14 ans et maximum de 21 ans,<\/span><\/li>\n<li><span style=\"color: #000000;\">Rapporter la preuve de sa participation \u00e0 un programme d\u2019\u00e9change d\u2019\u00e9l\u00e8ves,<\/span><\/li>\n<li><span style=\"color: #000000;\">Rapporter la preuve que l\u2019organisation d\u2019\u00e9change se porte garante pour lui pendant toute la dur\u00e9e de son s\u00e9jour quant \u00e0 ses frais,<\/span><\/li>\n<li><span style=\"color: #000000;\">Etre accueilli par une famille ou une structure d\u2019accueil pour toute la dur\u00e9e de son s\u00e9jour, et<\/span><\/li>\n<li><span style=\"color: #000000;\">Etre couvert pas une assurance maladie.<\/span><\/li>\n<\/ul>\n<p><span style=\"color: #000000;\">Concernant le stagiaire, les conditions sont les suivantes :<\/span><\/p>\n<ul>\n<li><span style=\"color: #000000;\">Rapporter la preuve du statut obligatoire du stage dans le cadre d\u2019un enseignement dispens\u00e9 par une \u00e9tablissement d\u2019enseignement secondaire ou sup\u00e9rieur,<\/span><\/li>\n<li><span style=\"color: #000000;\">Pr\u00e9senter une autorisation parentale si minorit\u00e9,<\/span><\/li>\n<li><span style=\"color: #000000;\">Rapporter la preuve qu\u2019il dispose de ressources suffisantes pour ses frais, et<\/span><\/li>\n<li><span style=\"color: #000000;\">Etre couvert par une assurance maladie.<\/span><\/li>\n<\/ul>\n<p><span style=\"color: #000000;\">Enfin en ce qui concerne le volontaire, les conditions sont les suivantes :<\/span><\/p>\n<ul>\n<li><span style=\"color: #000000;\">Remplir les conditions \u00e9tablies par la loi du 31 octobre 2007 sur le service volontaire des jeunes,<\/span><\/li>\n<li><span style=\"color: #000000;\">Rapporter la preuve que l\u2019organisation charg\u00e9e du programme de volontariat se porte garante de lui pendant toute la dur\u00e9e de son s\u00e9jour ainsi que pour ses frais.<\/span><\/li>\n<\/ul>\n<h2><span style=\"color: #000000;\"><strong>5) L\u2019autorisation de s\u00e9jour concernant les personnes titulaires d\u2019un dipl\u00f4me d\u2019enseignement sup\u00e9rieur donnant acc\u00e8s aux programmes de doctorat<\/strong><\/span><\/h2>\n<p><span style=\"color: #000000;\">Etant donn\u00e9 qu\u2019il s\u2019agit d\u2019une autorisation aux fins de mener un projet de recherche, l\u2019unique condition est donc celle de la titularisation d\u2019un dipl\u00f4me donnant acc\u00e8s aux programmes de doctorat.<\/span><\/p>\n<h2><span style=\"color: #000000;\"><strong>6) L\u2019autorisation concernant le s\u00e9jour du membre de famille du ressortissant de pays tiers<\/strong><\/span><\/h2>\n<p><span style=\"color: #000000;\">Le droit de s\u00e9jour appartient au conjoint du regroupant citoyen de l\u2019Union Europ\u00e9enne, au partenaire avec lequel le ressortissant de pays tiers a contract\u00e9 un partenariat enregistr\u00e9, aux enfants en dessous de 21 ans et aux parents \u00e0 charge d\u2019un citoyen de l\u2019Union europ\u00e9enne qui r\u00e9side au Luxembourg.<\/span><\/p>\n<p>&nbsp;<\/p>\n<p><span style=\"color: #000000;\">Le ressortissant de pays tiers qui est titulaire d\u2019un titre de s\u00e9jour d\u2019une dur\u00e9e de validit\u00e9 d\u2019au moins un an, qui a une perspective fond\u00e9e d\u2019obtenir un droit de s\u00e9jour de longue dur\u00e9e et qui s\u00e9journe depuis au moins douze mois au Luxembourg peut demander le regroupement familial des membres de sa famille s\u2019il remplit ces trois conditions :<\/span><\/p>\n<ul>\n<li><span style=\"color: #000000;\">Apporte la preuve qu\u2019il dispose de ressources stables, r\u00e9guli\u00e8res et suffisantes pour subvenir \u00e0 ses besoins ainsi qu\u2019aux membres de sa famille sans recourir au syst\u00e8me d\u2019aide sociale,<\/span><\/li>\n<li><span style=\"color: #000000;\">Dispose d\u2019un logement appropri\u00e9 pour recevoir le ou les membres de sa famille, et<\/span><\/li>\n<li><span style=\"color: #000000;\">Dispose de la couverture d\u2019une assurance maladie pour lui-m\u00eame ainsi que pour les membres de sa famille.<\/span><\/li>\n<\/ul>\n<h2><span style=\"color: #000000;\"><strong>7) L\u2019autorisation de s\u00e9jour pour des raisons priv\u00e9es<\/strong><\/span><\/h2>\n<p><span style=\"color: #000000;\">Elle est octroy\u00e9e \u00e0 condition que la pr\u00e9sence de la personne ne constitue pas de menace pour l\u2019ordre public, la sant\u00e9 et la s\u00e9curit\u00e9 publiques et qu\u2019elle dispose d\u2019une couverture d\u2019assurance maladie ainsi qu\u2019un logement appropri\u00e9. Les situations d\u2019octroi de cette autorisation sont les suivantes\u00a0:<\/span><\/p>\n<ul>\n<li><span style=\"color: #000000;\">Le ressortissant de pays tiers rapporte la preuve qu\u2019il peut vivre seul de ses ressources,<\/span><\/li>\n<li><span style=\"color: #000000;\">Les membres de la famille d\u2019un ressortissant d\u2019un pays tiers qui a re\u00e7u un titre de s\u00e9jour autonome lorsqu\u2019une rupture de la vie commune survient,<\/span><\/li>\n<li><span style=\"color: #000000;\">Les ressortissants de pays tiers qui ne remplissent pas les conditions du regroupement familial mais dont le refus porterait atteinte \u00e0 son droit au respect de sa vie priv\u00e9e et familiale,<\/span><\/li>\n<li><span style=\"color: #000000;\">Les ressortissants de pays tiers qui fait valoir des motifs humanitaires d\u2019une exceptionnelle gravit\u00e9.<\/span><\/li>\n<\/ul>\n<h6><span style=\"color: #000000;\"><strong>Notre \u00e9tude vous accompagnera pour mener \u00e0 bien votre projet de vie et \/ ou votre projet professionnel.<\/strong><\/span><\/h6>\n","protected":false},"excerpt":{"rendered":"<p>La loi modifi\u00e9e sur l\u2019immigration du 29 ao\u00fbt 2008 sur la libre circulation des personnes et l\u2019immigration r\u00e9git le s\u00e9jour des ressortissants de plus de trois mois r\u00e9sidants sur le sol du Grand-Duch\u00e9 du Luxembourg. Cette loi regroupe diff\u00e9rentes autorisations de s\u00e9jour relatives \u00e0 diff\u00e9rentes cat\u00e9gories de personnes\u00a0: 1) L\u2019autorisation de s\u00e9jour en vue d\u2019une &hellip; <\/p>\n<p class=\"link-more\"><a href=\"https:\/\/www.kaufholdreveillaud.lu\/fr\/le-sejour-des-ressortissants-de-plus-de-3-mois\/\" class=\"more-link\">Continuer la lecture <span class=\"screen-reader-text\"> \u00ab\u00a0Le s\u00e9jour des ressortissants de plus de 3 mois\u00a0\u00bb<\/span><\/a><\/p>\n","protected":false},"author":1,"featured_media":18518,"comment_status":"closed","ping_status":"closed","sticky":false,"template":"","format":"standard","meta":{"_acf_changed":false,"footnotes":""},"categories":[208],"tags":[],"class_list":["post-18388","post","type-post","status-publish","format-standard","has-post-thumbnail","hentry","category-analysis","entry"],"acf":[],"yoast_head":"<!-- This site is optimized with the Yoast SEO plugin v26.7 - https:\/\/yoast.com\/wordpress\/plugins\/seo\/ -->\n<title>Le s\u00e9jour des ressortissants de plus de 3 mois - Kaufhold et Reveillaud Avocats<\/title>\n<meta name=\"robots\" content=\"index, follow, max-snippet:-1, max-image-preview:large, max-video-preview:-1\" \/>\n<link rel=\"canonical\" href=\"https:\/\/www.kaufholdreveillaud.lu\/fr\/le-sejour-des-ressortissants-de-plus-de-3-mois\/\" \/>\n<meta property=\"og:locale\" content=\"fr_FR\" \/>\n<meta property=\"og:type\" content=\"article\" \/>\n<meta property=\"og:title\" content=\"Le s\u00e9jour des ressortissants de plus de 3 mois - Kaufhold et Reveillaud Avocats\" \/>\n<meta property=\"og:description\" content=\"La loi modifi\u00e9e sur l\u2019immigration du 29 ao\u00fbt 2008 sur la libre circulation des personnes et l\u2019immigration r\u00e9git le s\u00e9jour des ressortissants de plus de trois mois r\u00e9sidants sur le sol du Grand-Duch\u00e9 du Luxembourg. Cette loi regroupe diff\u00e9rentes autorisations de s\u00e9jour relatives \u00e0 diff\u00e9rentes cat\u00e9gories de personnes\u00a0: 1) L\u2019autorisation de s\u00e9jour en vue d\u2019une &hellip; Continuer la lecture \u00ab\u00a0Le s\u00e9jour des ressortissants de plus de 3 mois\u00a0\u00bb\" \/>\n<meta property=\"og:url\" content=\"https:\/\/www.kaufholdreveillaud.lu\/fr\/le-sejour-des-ressortissants-de-plus-de-3-mois\/\" \/>\n<meta property=\"og:site_name\" content=\"Kaufhold et Reveillaud Avocats\" \/>\n<meta property=\"article:published_time\" content=\"2021-05-24T12:23:55+00:00\" \/>\n<meta property=\"article:modified_time\" content=\"2023-11-14T17:38:34+00:00\" \/>\n<meta property=\"og:image\" content=\"https:\/\/www.kaufholdreveillaud.lu\/wp-content\/uploads\/passport-315266_640.jpeg\" \/>\n\t<meta property=\"og:image:width\" content=\"635\" \/>\n\t<meta property=\"og:image:height\" content=\"640\" \/>\n\t<meta property=\"og:image:type\" content=\"image\/jpeg\" \/>\n<meta name=\"author\" content=\"dominocommunication\" \/>\n<meta name=\"twitter:card\" content=\"summary_large_image\" \/>\n<meta name=\"twitter:label1\" content=\"\u00c9crit par\" \/>\n\t<meta name=\"twitter:data1\" content=\"dominocommunication\" \/>\n\t<meta name=\"twitter:label2\" content=\"Dur\u00e9e de lecture estim\u00e9e\" \/>\n\t<meta name=\"twitter:data2\" content=\"5 minutes\" \/>\n<script type=\"application\/ld+json\" class=\"yoast-schema-graph\">{\"@context\":\"https:\/\/schema.org\",\"@graph\":[{\"@type\":\"Article\",\"@id\":\"https:\/\/www.kaufholdreveillaud.lu\/fr\/le-sejour-des-ressortissants-de-plus-de-3-mois\/#article\",\"isPartOf\":{\"@id\":\"https:\/\/www.kaufholdreveillaud.lu\/fr\/le-sejour-des-ressortissants-de-plus-de-3-mois\/\"},\"author\":{\"name\":\"dominocommunication\",\"@id\":\"https:\/\/www.kaufholdreveillaud.lu\/fr\/#\/schema\/person\/ebd09ee45fb11871fb000e8dca1c069f\"},\"headline\":\"Le s\u00e9jour des ressortissants de plus de 3 mois\",\"datePublished\":\"2021-05-24T12:23:55+00:00\",\"dateModified\":\"2023-11-14T17:38:34+00:00\",\"mainEntityOfPage\":{\"@id\":\"https:\/\/www.kaufholdreveillaud.lu\/fr\/le-sejour-des-ressortissants-de-plus-de-3-mois\/\"},\"wordCount\":1094,\"image\":{\"@id\":\"https:\/\/www.kaufholdreveillaud.lu\/fr\/le-sejour-des-ressortissants-de-plus-de-3-mois\/#primaryimage\"},\"thumbnailUrl\":\"https:\/\/www.kaufholdreveillaud.lu\/wp-content\/uploads\/passport-315266_640.jpeg\",\"articleSection\":[\"Analysis\"],\"inLanguage\":\"fr-FR\"},{\"@type\":\"WebPage\",\"@id\":\"https:\/\/www.kaufholdreveillaud.lu\/fr\/le-sejour-des-ressortissants-de-plus-de-3-mois\/\",\"url\":\"https:\/\/www.kaufholdreveillaud.lu\/fr\/le-sejour-des-ressortissants-de-plus-de-3-mois\/\",\"name\":\"Le s\u00e9jour des ressortissants de plus de 3 mois - Kaufhold et Reveillaud Avocats\",\"isPartOf\":{\"@id\":\"https:\/\/www.kaufholdreveillaud.lu\/fr\/#website\"},\"primaryImageOfPage\":{\"@id\":\"https:\/\/www.kaufholdreveillaud.lu\/fr\/le-sejour-des-ressortissants-de-plus-de-3-mois\/#primaryimage\"},\"image\":{\"@id\":\"https:\/\/www.kaufholdreveillaud.lu\/fr\/le-sejour-des-ressortissants-de-plus-de-3-mois\/#primaryimage\"},\"thumbnailUrl\":\"https:\/\/www.kaufholdreveillaud.lu\/wp-content\/uploads\/passport-315266_640.jpeg\",\"datePublished\":\"2021-05-24T12:23:55+00:00\",\"dateModified\":\"2023-11-14T17:38:34+00:00\",\"author\":{\"@id\":\"https:\/\/www.kaufholdreveillaud.lu\/fr\/#\/schema\/person\/ebd09ee45fb11871fb000e8dca1c069f\"},\"breadcrumb\":{\"@id\":\"https:\/\/www.kaufholdreveillaud.lu\/fr\/le-sejour-des-ressortissants-de-plus-de-3-mois\/#breadcrumb\"},\"inLanguage\":\"fr-FR\",\"potentialAction\":[{\"@type\":\"ReadAction\",\"target\":[\"https:\/\/www.kaufholdreveillaud.lu\/fr\/le-sejour-des-ressortissants-de-plus-de-3-mois\/\"]}]},{\"@type\":\"ImageObject\",\"inLanguage\":\"fr-FR\",\"@id\":\"https:\/\/www.kaufholdreveillaud.lu\/fr\/le-sejour-des-ressortissants-de-plus-de-3-mois\/#primaryimage\",\"url\":\"https:\/\/www.kaufholdreveillaud.lu\/wp-content\/uploads\/passport-315266_640.jpeg\",\"contentUrl\":\"https:\/\/www.kaufholdreveillaud.lu\/wp-content\/uploads\/passport-315266_640.jpeg\",\"width\":635,\"height\":640},{\"@type\":\"BreadcrumbList\",\"@id\":\"https:\/\/www.kaufholdreveillaud.lu\/fr\/le-sejour-des-ressortissants-de-plus-de-3-mois\/#breadcrumb\",\"itemListElement\":[{\"@type\":\"ListItem\",\"position\":1,\"name\":\"Home\",\"item\":\"https:\/\/www.kaufholdreveillaud.lu\/fr\/\"},{\"@type\":\"ListItem\",\"position\":2,\"name\":\"Le s\u00e9jour des ressortissants de plus de 3 mois\"}]},{\"@type\":\"WebSite\",\"@id\":\"https:\/\/www.kaufholdreveillaud.lu\/fr\/#website\",\"url\":\"https:\/\/www.kaufholdreveillaud.lu\/fr\/\",\"name\":\"Kaufhold et Reveillaud Avocats\",\"description\":\"Etude d&#039;avocats \u00e0 Luxembourg\",\"potentialAction\":[{\"@type\":\"SearchAction\",\"target\":{\"@type\":\"EntryPoint\",\"urlTemplate\":\"https:\/\/www.kaufholdreveillaud.lu\/fr\/?s={search_term_string}\"},\"query-input\":{\"@type\":\"PropertyValueSpecification\",\"valueRequired\":true,\"valueName\":\"search_term_string\"}}],\"inLanguage\":\"fr-FR\"},{\"@type\":\"Person\",\"@id\":\"https:\/\/www.kaufholdreveillaud.lu\/fr\/#\/schema\/person\/ebd09ee45fb11871fb000e8dca1c069f\",\"name\":\"dominocommunication\",\"image\":{\"@type\":\"ImageObject\",\"inLanguage\":\"fr-FR\",\"@id\":\"https:\/\/www.kaufholdreveillaud.lu\/fr\/#\/schema\/person\/image\/\",\"url\":\"https:\/\/secure.gravatar.com\/avatar\/c28bb102a73f50ab9184028727da8e0470464f8d426a173be8e66399ed3df56d?s=96&d=mm&r=g\",\"contentUrl\":\"https:\/\/secure.gravatar.com\/avatar\/c28bb102a73f50ab9184028727da8e0470464f8d426a173be8e66399ed3df56d?s=96&d=mm&r=g\",\"caption\":\"dominocommunication\"},\"url\":\"https:\/\/www.kaufholdreveillaud.lu\/fr\/author\/dominocommunication\/\"}]}<\/script>\n<!-- \/ Yoast SEO plugin. -->","yoast_head_json":{"title":"Le s\u00e9jour des ressortissants de plus de 3 mois - Kaufhold et Reveillaud Avocats","robots":{"index":"index","follow":"follow","max-snippet":"max-snippet:-1","max-image-preview":"max-image-preview:large","max-video-preview":"max-video-preview:-1"},"canonical":"https:\/\/www.kaufholdreveillaud.lu\/fr\/le-sejour-des-ressortissants-de-plus-de-3-mois\/","og_locale":"fr_FR","og_type":"article","og_title":"Le s\u00e9jour des ressortissants de plus de 3 mois - Kaufhold et Reveillaud Avocats","og_description":"La loi modifi\u00e9e sur l\u2019immigration du 29 ao\u00fbt 2008 sur la libre circulation des personnes et l\u2019immigration r\u00e9git le s\u00e9jour des ressortissants de plus de trois mois r\u00e9sidants sur le sol du Grand-Duch\u00e9 du Luxembourg. Cette loi regroupe diff\u00e9rentes autorisations de s\u00e9jour relatives \u00e0 diff\u00e9rentes cat\u00e9gories de personnes\u00a0: 1) L\u2019autorisation de s\u00e9jour en vue d\u2019une &hellip; Continuer la lecture \u00ab\u00a0Le s\u00e9jour des ressortissants de plus de 3 mois\u00a0\u00bb","og_url":"https:\/\/www.kaufholdreveillaud.lu\/fr\/le-sejour-des-ressortissants-de-plus-de-3-mois\/","og_site_name":"Kaufhold et Reveillaud Avocats","article_published_time":"2021-05-24T12:23:55+00:00","article_modified_time":"2023-11-14T17:38:34+00:00","og_image":[{"width":635,"height":640,"url":"https:\/\/www.kaufholdreveillaud.lu\/wp-content\/uploads\/passport-315266_640.jpeg","type":"image\/jpeg"}],"author":"dominocommunication","twitter_card":"summary_large_image","twitter_misc":{"\u00c9crit par":"dominocommunication","Dur\u00e9e de lecture estim\u00e9e":"5 minutes"},"schema":{"@context":"https:\/\/schema.org","@graph":[{"@type":"Article","@id":"https:\/\/www.kaufholdreveillaud.lu\/fr\/le-sejour-des-ressortissants-de-plus-de-3-mois\/#article","isPartOf":{"@id":"https:\/\/www.kaufholdreveillaud.lu\/fr\/le-sejour-des-ressortissants-de-plus-de-3-mois\/"},"author":{"name":"dominocommunication","@id":"https:\/\/www.kaufholdreveillaud.lu\/fr\/#\/schema\/person\/ebd09ee45fb11871fb000e8dca1c069f"},"headline":"Le s\u00e9jour des ressortissants de plus de 3 mois","datePublished":"2021-05-24T12:23:55+00:00","dateModified":"2023-11-14T17:38:34+00:00","mainEntityOfPage":{"@id":"https:\/\/www.kaufholdreveillaud.lu\/fr\/le-sejour-des-ressortissants-de-plus-de-3-mois\/"},"wordCount":1094,"image":{"@id":"https:\/\/www.kaufholdreveillaud.lu\/fr\/le-sejour-des-ressortissants-de-plus-de-3-mois\/#primaryimage"},"thumbnailUrl":"https:\/\/www.kaufholdreveillaud.lu\/wp-content\/uploads\/passport-315266_640.jpeg","articleSection":["Analysis"],"inLanguage":"fr-FR"},{"@type":"WebPage","@id":"https:\/\/www.kaufholdreveillaud.lu\/fr\/le-sejour-des-ressortissants-de-plus-de-3-mois\/","url":"https:\/\/www.kaufholdreveillaud.lu\/fr\/le-sejour-des-ressortissants-de-plus-de-3-mois\/","name":"Le s\u00e9jour des ressortissants de plus de 3 mois - Kaufhold et Reveillaud Avocats","isPartOf":{"@id":"https:\/\/www.kaufholdreveillaud.lu\/fr\/#website"},"primaryImageOfPage":{"@id":"https:\/\/www.kaufholdreveillaud.lu\/fr\/le-sejour-des-ressortissants-de-plus-de-3-mois\/#primaryimage"},"image":{"@id":"https:\/\/www.kaufholdreveillaud.lu\/fr\/le-sejour-des-ressortissants-de-plus-de-3-mois\/#primaryimage"},"thumbnailUrl":"https:\/\/www.kaufholdreveillaud.lu\/wp-content\/uploads\/passport-315266_640.jpeg","datePublished":"2021-05-24T12:23:55+00:00","dateModified":"2023-11-14T17:38:34+00:00","author":{"@id":"https:\/\/www.kaufholdreveillaud.lu\/fr\/#\/schema\/person\/ebd09ee45fb11871fb000e8dca1c069f"},"breadcrumb":{"@id":"https:\/\/www.kaufholdreveillaud.lu\/fr\/le-sejour-des-ressortissants-de-plus-de-3-mois\/#breadcrumb"},"inLanguage":"fr-FR","potentialAction":[{"@type":"ReadAction","target":["https:\/\/www.kaufholdreveillaud.lu\/fr\/le-sejour-des-ressortissants-de-plus-de-3-mois\/"]}]},{"@type":"ImageObject","inLanguage":"fr-FR","@id":"https:\/\/www.kaufholdreveillaud.lu\/fr\/le-sejour-des-ressortissants-de-plus-de-3-mois\/#primaryimage","url":"https:\/\/www.kaufholdreveillaud.lu\/wp-content\/uploads\/passport-315266_640.jpeg","contentUrl":"https:\/\/www.kaufholdreveillaud.lu\/wp-content\/uploads\/passport-315266_640.jpeg","width":635,"height":640},{"@type":"BreadcrumbList","@id":"https:\/\/www.kaufholdreveillaud.lu\/fr\/le-sejour-des-ressortissants-de-plus-de-3-mois\/#breadcrumb","itemListElement":[{"@type":"ListItem","position":1,"name":"Home","item":"https:\/\/www.kaufholdreveillaud.lu\/fr\/"},{"@type":"ListItem","position":2,"name":"Le s\u00e9jour des ressortissants de plus de 3 mois"}]},{"@type":"WebSite","@id":"https:\/\/www.kaufholdreveillaud.lu\/fr\/#website","url":"https:\/\/www.kaufholdreveillaud.lu\/fr\/","name":"Kaufhold et Reveillaud Avocats","description":"Etude d&#039;avocats \u00e0 Luxembourg","potentialAction":[{"@type":"SearchAction","target":{"@type":"EntryPoint","urlTemplate":"https:\/\/www.kaufholdreveillaud.lu\/fr\/?s={search_term_string}"},"query-input":{"@type":"PropertyValueSpecification","valueRequired":true,"valueName":"search_term_string"}}],"inLanguage":"fr-FR"},{"@type":"Person","@id":"https:\/\/www.kaufholdreveillaud.lu\/fr\/#\/schema\/person\/ebd09ee45fb11871fb000e8dca1c069f","name":"dominocommunication","image":{"@type":"ImageObject","inLanguage":"fr-FR","@id":"https:\/\/www.kaufholdreveillaud.lu\/fr\/#\/schema\/person\/image\/","url":"https:\/\/secure.gravatar.com\/avatar\/c28bb102a73f50ab9184028727da8e0470464f8d426a173be8e66399ed3df56d?s=96&d=mm&r=g","contentUrl":"https:\/\/secure.gravatar.com\/avatar\/c28bb102a73f50ab9184028727da8e0470464f8d426a173be8e66399ed3df56d?s=96&d=mm&r=g","caption":"dominocommunication"},"url":"https:\/\/www.kaufholdreveillaud.lu\/fr\/author\/dominocommunication\/"}]}},"_links":{"self":[{"href":"https:\/\/www.kaufholdreveillaud.lu\/fr\/wp-json\/wp\/v2\/posts\/18388","targetHints":{"allow":["GET"]}}],"collection":[{"href":"https:\/\/www.kaufholdreveillaud.lu\/fr\/wp-json\/wp\/v2\/posts"}],"about":[{"href":"https:\/\/www.kaufholdreveillaud.lu\/fr\/wp-json\/wp\/v2\/types\/post"}],"author":[{"embeddable":true,"href":"https:\/\/www.kaufholdreveillaud.lu\/fr\/wp-json\/wp\/v2\/users\/1"}],"replies":[{"embeddable":true,"href":"https:\/\/www.kaufholdreveillaud.lu\/fr\/wp-json\/wp\/v2\/comments?post=18388"}],"version-history":[{"count":0,"href":"https:\/\/www.kaufholdreveillaud.lu\/fr\/wp-json\/wp\/v2\/posts\/18388\/revisions"}],"wp:featuredmedia":[{"embeddable":true,"href":"https:\/\/www.kaufholdreveillaud.lu\/fr\/wp-json\/wp\/v2\/media\/18518"}],"wp:attachment":[{"href":"https:\/\/www.kaufholdreveillaud.lu\/fr\/wp-json\/wp\/v2\/media?parent=18388"}],"wp:term":[{"taxonomy":"category","embeddable":true,"href":"https:\/\/www.kaufholdreveillaud.lu\/fr\/wp-json\/wp\/v2\/categories?post=18388"},{"taxonomy":"post_tag","embeddable":true,"href":"https:\/\/www.kaufholdreveillaud.lu\/fr\/wp-json\/wp\/v2\/tags?post=18388"}],"curies":[{"name":"wp","href":"https:\/\/api.w.org\/{rel}","templated":true}]}}