
{"id":18381,"date":"2021-04-29T11:44:20","date_gmt":"2021-04-29T09:44:20","guid":{"rendered":"http:\/\/www.kaufholdreveillaud.lu\/?p=3101"},"modified":"2023-11-15T18:36:38","modified_gmt":"2023-11-15T17:36:38","slug":"les-transferts-de-donnees-vers-la-republique-de-coree-seront-bientot-facilites","status":"publish","type":"post","link":"https:\/\/www.kaufholdreveillaud.lu\/fr\/les-transferts-de-donnees-vers-la-republique-de-coree-seront-bientot-facilites\/","title":{"rendered":"Transferts de donn\u00e9es vers la R\u00e9publique de Cor\u00e9e : bient\u00f4t plus facile ?"},"content":{"rendered":"<p>Le 30 mars 2021, la Commission europ\u00e9enne a annonc\u00e9 &#8211; avec l&#8217;autorit\u00e9 sud-cor\u00e9enne de protection des donn\u00e9es &#8211; la conclusion positive des n\u00e9gociations sur une future d\u00e9cision d&#8217;ad\u00e9quation entre l&#8217;UE et la R\u00e9publique de Cor\u00e9e. Selon la Commission, &#8220;[&#8230;] le dialogue sur l&#8217;ad\u00e9quation a confirm\u00e9 le degr\u00e9 \u00e9lev\u00e9 de convergence entre l&#8217;Union europ\u00e9enne et la R\u00e9publique de Cor\u00e9e dans le domaine de la protection des donn\u00e9es, qui s&#8217;est encore accru avec la r\u00e9cente entr\u00e9e en vigueur de la nouvelle loi sur la protection des informations personnelles en R\u00e9publique de Cor\u00e9e et le renforcement des pouvoirs de la Commission de protection des informations personnelles&#8221;.<\/p>\n<p>Une telle d\u00e9cision d&#8217;ad\u00e9quation permettra la libre circulation des donn\u00e9es \u00e0 caract\u00e8re personnel de l&#8217;UE vers la R\u00e9publique de Cor\u00e9e, couvrant \u00e0 la fois les contr\u00f4leurs de donn\u00e9es priv\u00e9s et publics, et, en fin de compte, favorisera les transferts commerciaux de donn\u00e9es et facilitera la coop\u00e9ration en mati\u00e8re de r\u00e9glementation.<\/p>\n<p>En effet, sur la base de l&#8217;article 45, paragraphe 3, du r\u00e8glement g\u00e9n\u00e9ral sur la protection des donn\u00e9es (&#8220;<strong>RGPD<\/strong>&#8220;), la Commission a d\u00e9cid\u00e9 d&#8217;adopter un r\u00e8glement sur la protection des donn\u00e9es \u00e0 caract\u00e8re personnel.&#8221;La Commission, apr\u00e8s avoir \u00e9valu\u00e9 le caract\u00e8re ad\u00e9quat du niveau de protection, peut d\u00e9cider, au moyen d&#8217;un acte d&#8217;ex\u00e9cution, qu&#8217;un pays tiers, un territoire ou un ou plusieurs secteurs d\u00e9termin\u00e9s \u00e0 l&#8217;int\u00e9rieur d&#8217;un pays tiers, ou une organisation internationale assure un niveau de protection ad\u00e9quat au sens du paragraphe 2 du pr\u00e9sent article.<\/p>\n<p>Kaufhold &amp; Reveillaud, Avocats peut vous aider \u00e0 r\u00e9pondre \u00e0 toutes vos questions relatives au GDPR. N&#8217;h\u00e9sitez pas \u00e0 nous contacter.<\/p>\n","protected":false},"excerpt":{"rendered":"<p>Le 30 mars 2021, la Commission europ\u00e9enne a annonc\u00e9 &#8211; avec l&#8217;autorit\u00e9 sud-cor\u00e9enne de protection des donn\u00e9es &#8211; la conclusion positive des n\u00e9gociations sur une future d\u00e9cision d&#8217;ad\u00e9quation entre l&#8217;UE et la R\u00e9publique de Cor\u00e9e. Selon la Commission, &#8220;[&#8230;] le dialogue sur l&#8217;ad\u00e9quation a confirm\u00e9 le degr\u00e9 \u00e9lev\u00e9 de convergence entre l&#8217;Union europ\u00e9enne et la &hellip; <\/p>\n<p class=\"link-more\"><a href=\"https:\/\/www.kaufholdreveillaud.lu\/fr\/les-transferts-de-donnees-vers-la-republique-de-coree-seront-bientot-facilites\/\" class=\"more-link\">Continuer la lecture <span class=\"screen-reader-text\"> \u00ab\u00a0Transferts de donn\u00e9es vers la R\u00e9publique de Cor\u00e9e : bient\u00f4t plus facile ?\u00a0\u00bb<\/span><\/a><\/p>\n","protected":false},"author":1,"featured_media":18658,"comment_status":"closed","ping_status":"closed","sticky":false,"template":"","format":"standard","meta":{"_acf_changed":false,"footnotes":""},"categories":[204,241],"tags":[],"class_list":["post-18381","post","type-post","status-publish","format-standard","has-post-thumbnail","hentry","category-apercu","category-uncategorised-fr","entry"],"acf":[],"yoast_head":"<!-- This site is optimized with the Yoast SEO plugin v26.7 - https:\/\/yoast.com\/wordpress\/plugins\/seo\/ -->\n<title>Transferts de donn\u00e9es vers la R\u00e9publique de Cor\u00e9e : bient\u00f4t plus facile ? - Kaufhold et Reveillaud Avocats<\/title>\n<meta name=\"robots\" content=\"index, follow, max-snippet:-1, max-image-preview:large, max-video-preview:-1\" \/>\n<link rel=\"canonical\" href=\"https:\/\/www.kaufholdreveillaud.lu\/fr\/les-transferts-de-donnees-vers-la-republique-de-coree-seront-bientot-facilites\/\" \/>\n<meta property=\"og:locale\" content=\"fr_FR\" \/>\n<meta property=\"og:type\" content=\"article\" \/>\n<meta property=\"og:title\" content=\"Transferts de donn\u00e9es vers la R\u00e9publique de Cor\u00e9e : bient\u00f4t plus facile ? - Kaufhold et Reveillaud Avocats\" \/>\n<meta property=\"og:description\" content=\"Le 30 mars 2021, la Commission europ\u00e9enne a annonc\u00e9 &#8211; avec l&#8217;autorit\u00e9 sud-cor\u00e9enne de protection des donn\u00e9es &#8211; la conclusion positive des n\u00e9gociations sur une future d\u00e9cision d&#8217;ad\u00e9quation entre l&#8217;UE et la R\u00e9publique de Cor\u00e9e. Selon la Commission, &#8220;[&#8230;] le dialogue sur l&#8217;ad\u00e9quation a confirm\u00e9 le degr\u00e9 \u00e9lev\u00e9 de convergence entre l&#8217;Union europ\u00e9enne et la &hellip; Continuer la lecture \u00ab\u00a0Transferts de donn\u00e9es vers la R\u00e9publique de Cor\u00e9e : bient\u00f4t plus facile ?\u00a0\u00bb\" \/>\n<meta property=\"og:url\" content=\"https:\/\/www.kaufholdreveillaud.lu\/fr\/les-transferts-de-donnees-vers-la-republique-de-coree-seront-bientot-facilites\/\" \/>\n<meta property=\"og:site_name\" content=\"Kaufhold et Reveillaud Avocats\" \/>\n<meta property=\"article:published_time\" content=\"2021-04-29T09:44:20+00:00\" \/>\n<meta property=\"article:modified_time\" content=\"2023-11-15T17:36:38+00:00\" \/>\n<meta property=\"og:image\" content=\"https:\/\/www.kaufholdreveillaud.lu\/wp-content\/uploads\/knocker-2163643_640.jpeg\" \/>\n\t<meta property=\"og:image:width\" content=\"640\" \/>\n\t<meta property=\"og:image:height\" content=\"409\" \/>\n\t<meta property=\"og:image:type\" content=\"image\/jpeg\" \/>\n<meta name=\"author\" content=\"dominocommunication\" \/>\n<meta name=\"twitter:card\" content=\"summary_large_image\" \/>\n<meta name=\"twitter:label1\" content=\"\u00c9crit par\" \/>\n\t<meta name=\"twitter:data1\" content=\"dominocommunication\" \/>\n\t<meta name=\"twitter:label2\" content=\"Dur\u00e9e de lecture estim\u00e9e\" \/>\n\t<meta name=\"twitter:data2\" content=\"2 minutes\" \/>\n<script type=\"application\/ld+json\" class=\"yoast-schema-graph\">{\"@context\":\"https:\/\/schema.org\",\"@graph\":[{\"@type\":\"Article\",\"@id\":\"https:\/\/www.kaufholdreveillaud.lu\/fr\/les-transferts-de-donnees-vers-la-republique-de-coree-seront-bientot-facilites\/#article\",\"isPartOf\":{\"@id\":\"https:\/\/www.kaufholdreveillaud.lu\/fr\/les-transferts-de-donnees-vers-la-republique-de-coree-seront-bientot-facilites\/\"},\"author\":{\"name\":\"dominocommunication\",\"@id\":\"https:\/\/www.kaufholdreveillaud.lu\/fr\/#\/schema\/person\/ebd09ee45fb11871fb000e8dca1c069f\"},\"headline\":\"Transferts de donn\u00e9es vers la R\u00e9publique de Cor\u00e9e : bient\u00f4t plus facile ?\",\"datePublished\":\"2021-04-29T09:44:20+00:00\",\"dateModified\":\"2023-11-15T17:36:38+00:00\",\"mainEntityOfPage\":{\"@id\":\"https:\/\/www.kaufholdreveillaud.lu\/fr\/les-transferts-de-donnees-vers-la-republique-de-coree-seront-bientot-facilites\/\"},\"wordCount\":329,\"image\":{\"@id\":\"https:\/\/www.kaufholdreveillaud.lu\/fr\/les-transferts-de-donnees-vers-la-republique-de-coree-seront-bientot-facilites\/#primaryimage\"},\"thumbnailUrl\":\"https:\/\/www.kaufholdreveillaud.lu\/wp-content\/uploads\/knocker-2163643_640.jpeg\",\"articleSection\":[\"Aper\u00e7u\",\"Uncategorised\"],\"inLanguage\":\"fr-FR\"},{\"@type\":\"WebPage\",\"@id\":\"https:\/\/www.kaufholdreveillaud.lu\/fr\/les-transferts-de-donnees-vers-la-republique-de-coree-seront-bientot-facilites\/\",\"url\":\"https:\/\/www.kaufholdreveillaud.lu\/fr\/les-transferts-de-donnees-vers-la-republique-de-coree-seront-bientot-facilites\/\",\"name\":\"Transferts de donn\u00e9es vers la R\u00e9publique de Cor\u00e9e : bient\u00f4t plus facile ? - Kaufhold et Reveillaud Avocats\",\"isPartOf\":{\"@id\":\"https:\/\/www.kaufholdreveillaud.lu\/fr\/#website\"},\"primaryImageOfPage\":{\"@id\":\"https:\/\/www.kaufholdreveillaud.lu\/fr\/les-transferts-de-donnees-vers-la-republique-de-coree-seront-bientot-facilites\/#primaryimage\"},\"image\":{\"@id\":\"https:\/\/www.kaufholdreveillaud.lu\/fr\/les-transferts-de-donnees-vers-la-republique-de-coree-seront-bientot-facilites\/#primaryimage\"},\"thumbnailUrl\":\"https:\/\/www.kaufholdreveillaud.lu\/wp-content\/uploads\/knocker-2163643_640.jpeg\",\"datePublished\":\"2021-04-29T09:44:20+00:00\",\"dateModified\":\"2023-11-15T17:36:38+00:00\",\"author\":{\"@id\":\"https:\/\/www.kaufholdreveillaud.lu\/fr\/#\/schema\/person\/ebd09ee45fb11871fb000e8dca1c069f\"},\"breadcrumb\":{\"@id\":\"https:\/\/www.kaufholdreveillaud.lu\/fr\/les-transferts-de-donnees-vers-la-republique-de-coree-seront-bientot-facilites\/#breadcrumb\"},\"inLanguage\":\"fr-FR\",\"potentialAction\":[{\"@type\":\"ReadAction\",\"target\":[\"https:\/\/www.kaufholdreveillaud.lu\/fr\/les-transferts-de-donnees-vers-la-republique-de-coree-seront-bientot-facilites\/\"]}]},{\"@type\":\"ImageObject\",\"inLanguage\":\"fr-FR\",\"@id\":\"https:\/\/www.kaufholdreveillaud.lu\/fr\/les-transferts-de-donnees-vers-la-republique-de-coree-seront-bientot-facilites\/#primaryimage\",\"url\":\"https:\/\/www.kaufholdreveillaud.lu\/wp-content\/uploads\/knocker-2163643_640.jpeg\",\"contentUrl\":\"https:\/\/www.kaufholdreveillaud.lu\/wp-content\/uploads\/knocker-2163643_640.jpeg\",\"width\":640,\"height\":409},{\"@type\":\"BreadcrumbList\",\"@id\":\"https:\/\/www.kaufholdreveillaud.lu\/fr\/les-transferts-de-donnees-vers-la-republique-de-coree-seront-bientot-facilites\/#breadcrumb\",\"itemListElement\":[{\"@type\":\"ListItem\",\"position\":1,\"name\":\"Home\",\"item\":\"https:\/\/www.kaufholdreveillaud.lu\/fr\/\"},{\"@type\":\"ListItem\",\"position\":2,\"name\":\"Transferts de donn\u00e9es vers la R\u00e9publique de Cor\u00e9e : bient\u00f4t plus facile ?\"}]},{\"@type\":\"WebSite\",\"@id\":\"https:\/\/www.kaufholdreveillaud.lu\/fr\/#website\",\"url\":\"https:\/\/www.kaufholdreveillaud.lu\/fr\/\",\"name\":\"Kaufhold et Reveillaud Avocats\",\"description\":\"Etude d&#039;avocats \u00e0 Luxembourg\",\"potentialAction\":[{\"@type\":\"SearchAction\",\"target\":{\"@type\":\"EntryPoint\",\"urlTemplate\":\"https:\/\/www.kaufholdreveillaud.lu\/fr\/?s={search_term_string}\"},\"query-input\":{\"@type\":\"PropertyValueSpecification\",\"valueRequired\":true,\"valueName\":\"search_term_string\"}}],\"inLanguage\":\"fr-FR\"},{\"@type\":\"Person\",\"@id\":\"https:\/\/www.kaufholdreveillaud.lu\/fr\/#\/schema\/person\/ebd09ee45fb11871fb000e8dca1c069f\",\"name\":\"dominocommunication\",\"image\":{\"@type\":\"ImageObject\",\"inLanguage\":\"fr-FR\",\"@id\":\"https:\/\/www.kaufholdreveillaud.lu\/fr\/#\/schema\/person\/image\/\",\"url\":\"https:\/\/secure.gravatar.com\/avatar\/c28bb102a73f50ab9184028727da8e0470464f8d426a173be8e66399ed3df56d?s=96&d=mm&r=g\",\"contentUrl\":\"https:\/\/secure.gravatar.com\/avatar\/c28bb102a73f50ab9184028727da8e0470464f8d426a173be8e66399ed3df56d?s=96&d=mm&r=g\",\"caption\":\"dominocommunication\"},\"url\":\"https:\/\/www.kaufholdreveillaud.lu\/fr\/author\/dominocommunication\/\"}]}<\/script>\n<!-- \/ Yoast SEO plugin. -->","yoast_head_json":{"title":"Transferts de donn\u00e9es vers la R\u00e9publique de Cor\u00e9e : bient\u00f4t plus facile ? - Kaufhold et Reveillaud Avocats","robots":{"index":"index","follow":"follow","max-snippet":"max-snippet:-1","max-image-preview":"max-image-preview:large","max-video-preview":"max-video-preview:-1"},"canonical":"https:\/\/www.kaufholdreveillaud.lu\/fr\/les-transferts-de-donnees-vers-la-republique-de-coree-seront-bientot-facilites\/","og_locale":"fr_FR","og_type":"article","og_title":"Transferts de donn\u00e9es vers la R\u00e9publique de Cor\u00e9e : bient\u00f4t plus facile ? - Kaufhold et Reveillaud Avocats","og_description":"Le 30 mars 2021, la Commission europ\u00e9enne a annonc\u00e9 &#8211; avec l&#8217;autorit\u00e9 sud-cor\u00e9enne de protection des donn\u00e9es &#8211; la conclusion positive des n\u00e9gociations sur une future d\u00e9cision d&#8217;ad\u00e9quation entre l&#8217;UE et la R\u00e9publique de Cor\u00e9e. Selon la Commission, &#8220;[&#8230;] le dialogue sur l&#8217;ad\u00e9quation a confirm\u00e9 le degr\u00e9 \u00e9lev\u00e9 de convergence entre l&#8217;Union europ\u00e9enne et la &hellip; Continuer la lecture \u00ab\u00a0Transferts de donn\u00e9es vers la R\u00e9publique de Cor\u00e9e : bient\u00f4t plus facile ?\u00a0\u00bb","og_url":"https:\/\/www.kaufholdreveillaud.lu\/fr\/les-transferts-de-donnees-vers-la-republique-de-coree-seront-bientot-facilites\/","og_site_name":"Kaufhold et Reveillaud Avocats","article_published_time":"2021-04-29T09:44:20+00:00","article_modified_time":"2023-11-15T17:36:38+00:00","og_image":[{"width":640,"height":409,"url":"https:\/\/www.kaufholdreveillaud.lu\/wp-content\/uploads\/knocker-2163643_640.jpeg","type":"image\/jpeg"}],"author":"dominocommunication","twitter_card":"summary_large_image","twitter_misc":{"\u00c9crit par":"dominocommunication","Dur\u00e9e de lecture estim\u00e9e":"2 minutes"},"schema":{"@context":"https:\/\/schema.org","@graph":[{"@type":"Article","@id":"https:\/\/www.kaufholdreveillaud.lu\/fr\/les-transferts-de-donnees-vers-la-republique-de-coree-seront-bientot-facilites\/#article","isPartOf":{"@id":"https:\/\/www.kaufholdreveillaud.lu\/fr\/les-transferts-de-donnees-vers-la-republique-de-coree-seront-bientot-facilites\/"},"author":{"name":"dominocommunication","@id":"https:\/\/www.kaufholdreveillaud.lu\/fr\/#\/schema\/person\/ebd09ee45fb11871fb000e8dca1c069f"},"headline":"Transferts de donn\u00e9es vers la R\u00e9publique de Cor\u00e9e : bient\u00f4t plus facile ?","datePublished":"2021-04-29T09:44:20+00:00","dateModified":"2023-11-15T17:36:38+00:00","mainEntityOfPage":{"@id":"https:\/\/www.kaufholdreveillaud.lu\/fr\/les-transferts-de-donnees-vers-la-republique-de-coree-seront-bientot-facilites\/"},"wordCount":329,"image":{"@id":"https:\/\/www.kaufholdreveillaud.lu\/fr\/les-transferts-de-donnees-vers-la-republique-de-coree-seront-bientot-facilites\/#primaryimage"},"thumbnailUrl":"https:\/\/www.kaufholdreveillaud.lu\/wp-content\/uploads\/knocker-2163643_640.jpeg","articleSection":["Aper\u00e7u","Uncategorised"],"inLanguage":"fr-FR"},{"@type":"WebPage","@id":"https:\/\/www.kaufholdreveillaud.lu\/fr\/les-transferts-de-donnees-vers-la-republique-de-coree-seront-bientot-facilites\/","url":"https:\/\/www.kaufholdreveillaud.lu\/fr\/les-transferts-de-donnees-vers-la-republique-de-coree-seront-bientot-facilites\/","name":"Transferts de donn\u00e9es vers la R\u00e9publique de Cor\u00e9e : bient\u00f4t plus facile ? - Kaufhold et Reveillaud Avocats","isPartOf":{"@id":"https:\/\/www.kaufholdreveillaud.lu\/fr\/#website"},"primaryImageOfPage":{"@id":"https:\/\/www.kaufholdreveillaud.lu\/fr\/les-transferts-de-donnees-vers-la-republique-de-coree-seront-bientot-facilites\/#primaryimage"},"image":{"@id":"https:\/\/www.kaufholdreveillaud.lu\/fr\/les-transferts-de-donnees-vers-la-republique-de-coree-seront-bientot-facilites\/#primaryimage"},"thumbnailUrl":"https:\/\/www.kaufholdreveillaud.lu\/wp-content\/uploads\/knocker-2163643_640.jpeg","datePublished":"2021-04-29T09:44:20+00:00","dateModified":"2023-11-15T17:36:38+00:00","author":{"@id":"https:\/\/www.kaufholdreveillaud.lu\/fr\/#\/schema\/person\/ebd09ee45fb11871fb000e8dca1c069f"},"breadcrumb":{"@id":"https:\/\/www.kaufholdreveillaud.lu\/fr\/les-transferts-de-donnees-vers-la-republique-de-coree-seront-bientot-facilites\/#breadcrumb"},"inLanguage":"fr-FR","potentialAction":[{"@type":"ReadAction","target":["https:\/\/www.kaufholdreveillaud.lu\/fr\/les-transferts-de-donnees-vers-la-republique-de-coree-seront-bientot-facilites\/"]}]},{"@type":"ImageObject","inLanguage":"fr-FR","@id":"https:\/\/www.kaufholdreveillaud.lu\/fr\/les-transferts-de-donnees-vers-la-republique-de-coree-seront-bientot-facilites\/#primaryimage","url":"https:\/\/www.kaufholdreveillaud.lu\/wp-content\/uploads\/knocker-2163643_640.jpeg","contentUrl":"https:\/\/www.kaufholdreveillaud.lu\/wp-content\/uploads\/knocker-2163643_640.jpeg","width":640,"height":409},{"@type":"BreadcrumbList","@id":"https:\/\/www.kaufholdreveillaud.lu\/fr\/les-transferts-de-donnees-vers-la-republique-de-coree-seront-bientot-facilites\/#breadcrumb","itemListElement":[{"@type":"ListItem","position":1,"name":"Home","item":"https:\/\/www.kaufholdreveillaud.lu\/fr\/"},{"@type":"ListItem","position":2,"name":"Transferts de donn\u00e9es vers la R\u00e9publique de Cor\u00e9e : bient\u00f4t plus facile ?"}]},{"@type":"WebSite","@id":"https:\/\/www.kaufholdreveillaud.lu\/fr\/#website","url":"https:\/\/www.kaufholdreveillaud.lu\/fr\/","name":"Kaufhold et Reveillaud Avocats","description":"Etude d&#039;avocats \u00e0 Luxembourg","potentialAction":[{"@type":"SearchAction","target":{"@type":"EntryPoint","urlTemplate":"https:\/\/www.kaufholdreveillaud.lu\/fr\/?s={search_term_string}"},"query-input":{"@type":"PropertyValueSpecification","valueRequired":true,"valueName":"search_term_string"}}],"inLanguage":"fr-FR"},{"@type":"Person","@id":"https:\/\/www.kaufholdreveillaud.lu\/fr\/#\/schema\/person\/ebd09ee45fb11871fb000e8dca1c069f","name":"dominocommunication","image":{"@type":"ImageObject","inLanguage":"fr-FR","@id":"https:\/\/www.kaufholdreveillaud.lu\/fr\/#\/schema\/person\/image\/","url":"https:\/\/secure.gravatar.com\/avatar\/c28bb102a73f50ab9184028727da8e0470464f8d426a173be8e66399ed3df56d?s=96&d=mm&r=g","contentUrl":"https:\/\/secure.gravatar.com\/avatar\/c28bb102a73f50ab9184028727da8e0470464f8d426a173be8e66399ed3df56d?s=96&d=mm&r=g","caption":"dominocommunication"},"url":"https:\/\/www.kaufholdreveillaud.lu\/fr\/author\/dominocommunication\/"}]}},"_links":{"self":[{"href":"https:\/\/www.kaufholdreveillaud.lu\/fr\/wp-json\/wp\/v2\/posts\/18381","targetHints":{"allow":["GET"]}}],"collection":[{"href":"https:\/\/www.kaufholdreveillaud.lu\/fr\/wp-json\/wp\/v2\/posts"}],"about":[{"href":"https:\/\/www.kaufholdreveillaud.lu\/fr\/wp-json\/wp\/v2\/types\/post"}],"author":[{"embeddable":true,"href":"https:\/\/www.kaufholdreveillaud.lu\/fr\/wp-json\/wp\/v2\/users\/1"}],"replies":[{"embeddable":true,"href":"https:\/\/www.kaufholdreveillaud.lu\/fr\/wp-json\/wp\/v2\/comments?post=18381"}],"version-history":[{"count":0,"href":"https:\/\/www.kaufholdreveillaud.lu\/fr\/wp-json\/wp\/v2\/posts\/18381\/revisions"}],"wp:featuredmedia":[{"embeddable":true,"href":"https:\/\/www.kaufholdreveillaud.lu\/fr\/wp-json\/wp\/v2\/media\/18658"}],"wp:attachment":[{"href":"https:\/\/www.kaufholdreveillaud.lu\/fr\/wp-json\/wp\/v2\/media?parent=18381"}],"wp:term":[{"taxonomy":"category","embeddable":true,"href":"https:\/\/www.kaufholdreveillaud.lu\/fr\/wp-json\/wp\/v2\/categories?post=18381"},{"taxonomy":"post_tag","embeddable":true,"href":"https:\/\/www.kaufholdreveillaud.lu\/fr\/wp-json\/wp\/v2\/tags?post=18381"}],"curies":[{"name":"wp","href":"https:\/\/api.w.org\/{rel}","templated":true}]}}