
{"id":18376,"date":"2020-11-19T23:50:55","date_gmt":"2020-11-19T22:50:55","guid":{"rendered":"http:\/\/www.kaufholdreveillaud.lu\/?p=2909"},"modified":"2023-11-15T18:39:54","modified_gmt":"2023-11-15T17:39:54","slug":"schrems-ii-quel-impact-pour-le-transfert-de-donnees-vers-les-etats-unis-2","status":"publish","type":"post","link":"https:\/\/www.kaufholdreveillaud.lu\/fr\/schrems-ii-quel-impact-pour-le-transfert-de-donnees-vers-les-etats-unis-2\/","title":{"rendered":"Schrems II: Quel impact pour le transfert de donn\u00e9es vers les Etats-Unis?"},"content":{"rendered":"<p><span style=\"color: #000000;\">Le 16 juillet 2020, la Cour de Justice de l\u2019Union Europ\u00e9enne (\u00ab <strong>CJUE <\/strong>\u00bb) a rendu l\u2019arr\u00eat<em> Data Protection Commissioner v Facebook Ireland Ltd and Maximillian Schrems<\/em> (C-311\/18), d\u00e9cision historique plus connue sous le nom de Schrems II dans laquelle les juges ont d\u00e9clar\u00e9 la nullit\u00e9 du Privacy Shield au motif que ce texte \u00ab n\u2019accorde pas aux Europ\u00e9ens des droits de recours devant les tribunaux contre les autorit\u00e9s am\u00e9ricaines \u00bb. Cette d\u00e9cision est salu\u00e9e par la Commission Nationale de Protection des Donn\u00e9es (\u00ab <strong>CNPD <\/strong>\u00bb).<\/span><\/p>\n<p>&nbsp;<\/p>\n<p><span style=\"color: #000000;\">Les consid\u00e9rations de l&#8217;arr\u00eat sont pertinentes \u00e0 plusieurs \u00e9gards car elles ont une incidence sur les transferts de donn\u00e9es des \u00c9tats membres de l&#8217;Union europ\u00e9enne vers des pays en dehors de l\u2019Espace \u00e9conomique europ\u00e9en, principalement vers les Etats-Unis mais surtout vers des pays qui ne font pas l\u2019objet de d\u00e9cisions d\u2019ad\u00e9quation.<\/span><\/p>\n<p>&nbsp;<\/p>\n<p><span style=\"color: #000000;\">D\u00e9sormais, le Privacy Shield ne peut plus servir de base l\u00e9gale au transfert de donn\u00e9es personnelles vers les Etats-Unis car il n\u2019apporte pas un niveau de protection \u00e9quivalent \u00e0 celui garanti par le r\u00e8glement g\u00e9n\u00e9ral sur la protection des donn\u00e9es (\u00ab <strong>RGPD <\/strong>\u00bb) et de la Charte des droits fondamentaux de l\u2019UE.<\/span><\/p>\n<p>&nbsp;<\/p>\n<p><span style=\"color: #000000;\">En outre, la CJUE a d\u00e9clar\u00e9 que les clauses contractuelles types (\u00ab <strong>CCT <\/strong>\u00bb) pouvaient \u00eatre maintenues avec toutefois des probl\u00e9matiques vis-\u00e0-vis des entreprises am\u00e9ricaines en ce sens que les CCT ne garantissent pas non plus un niveau de protection substantiellement \u00e9quivalent \u00e0 celle requise par le RGPD.<\/span><\/p>\n<p>&nbsp;<\/p>\n<p><span style=\"color: #000000;\">En tout \u00e9tat de cause, apr\u00e8s avoir revu la d\u00e9cision 2010\/87\/CE qui se rapporte aux CCT, la Cour a indiqu\u00e9 que la validit\u00e9 de cette d\u00e9cision repose sur le fait de savoir si des <em>\u00ab m\u00e9canismes effectifs permettant, en pratique, d\u2019assurer que le niveau de protection requis par le droit de l\u2019Union soit respect\u00e9 et que les transferts de donn\u00e9es \u00e0 caract\u00e8re personnel, fond\u00e9s sur de telles clauses, soient suspendus ou interdits en cas de violation de ces clauses ou d\u2019impossibilit\u00e9 de les honorer \u00bb<\/em>. En pratique, il s\u2019agira donc d\u2019une appr\u00e9ciation au cas par cas.<\/span><\/p>\n<p>&nbsp;<\/p>\n<p><span style=\"color: #000000;\">Enfin, le 23 juillet dernier, le Comit\u00e9 Europ\u00e9en de la Protection des Donn\u00e9es a pr\u00e9par\u00e9 un document questions-r\u00e9ponses qui vise \u00e0 r\u00e9pondre \u00e0 certaines des questions fr\u00e9quemment pos\u00e9es li\u00e9es \u00e0 la d\u00e9cision Schrems II.<\/span><\/p>\n<h3><span style=\"color: #000000;\">Schrems II : What impact for data transfers to the United States ?<\/span><\/h3>\n","protected":false},"excerpt":{"rendered":"<p>Le 16 juillet 2020, la Cour de Justice de l\u2019Union Europ\u00e9enne (\u00ab CJUE \u00bb) a rendu l\u2019arr\u00eat Data Protection Commissioner v Facebook Ireland Ltd and Maximillian Schrems (C-311\/18), d\u00e9cision historique plus connue sous le nom de Schrems II dans laquelle les juges ont d\u00e9clar\u00e9 la nullit\u00e9 du Privacy Shield au motif que ce texte \u00ab &hellip; <\/p>\n<p class=\"link-more\"><a href=\"https:\/\/www.kaufholdreveillaud.lu\/fr\/schrems-ii-quel-impact-pour-le-transfert-de-donnees-vers-les-etats-unis-2\/\" class=\"more-link\">Continuer la lecture <span class=\"screen-reader-text\"> \u00ab\u00a0Schrems II: Quel impact pour le transfert de donn\u00e9es vers les Etats-Unis?\u00a0\u00bb<\/span><\/a><\/p>\n","protected":false},"author":1,"featured_media":18655,"comment_status":"closed","ping_status":"closed","sticky":false,"template":"","format":"standard","meta":{"_acf_changed":false,"footnotes":""},"categories":[204,241],"tags":[],"class_list":["post-18376","post","type-post","status-publish","format-standard","has-post-thumbnail","hentry","category-apercu","category-uncategorised-fr","entry"],"acf":[],"yoast_head":"<!-- This site is optimized with the Yoast SEO plugin v26.7 - https:\/\/yoast.com\/wordpress\/plugins\/seo\/ -->\n<title>Schrems II: Quel impact pour le transfert de donn\u00e9es vers les Etats-Unis? - Kaufhold et Reveillaud Avocats<\/title>\n<meta name=\"description\" content=\"On July 16, 2020, the Court of Justice of the European Union declared the Privacy Shield null! Case: Facebook \/ Maximillian Schrems\" \/>\n<meta name=\"robots\" content=\"index, follow, max-snippet:-1, max-image-preview:large, max-video-preview:-1\" \/>\n<link rel=\"canonical\" href=\"https:\/\/www.kaufholdreveillaud.lu\/fr\/schrems-ii-quel-impact-pour-le-transfert-de-donnees-vers-les-etats-unis-2\/\" \/>\n<meta property=\"og:locale\" content=\"fr_FR\" \/>\n<meta property=\"og:type\" content=\"article\" \/>\n<meta property=\"og:title\" content=\"Schrems II: Quel impact pour le transfert de donn\u00e9es vers les Etats-Unis? - Kaufhold et Reveillaud Avocats\" \/>\n<meta property=\"og:description\" content=\"On July 16, 2020, the Court of Justice of the European Union declared the Privacy Shield null! Case: Facebook \/ Maximillian Schrems\" \/>\n<meta property=\"og:url\" content=\"https:\/\/www.kaufholdreveillaud.lu\/fr\/schrems-ii-quel-impact-pour-le-transfert-de-donnees-vers-les-etats-unis-2\/\" \/>\n<meta property=\"og:site_name\" content=\"Kaufhold et Reveillaud Avocats\" \/>\n<meta property=\"article:published_time\" content=\"2020-11-19T22:50:55+00:00\" \/>\n<meta property=\"article:modified_time\" content=\"2023-11-15T17:39:54+00:00\" \/>\n<meta property=\"og:image\" content=\"https:\/\/www.kaufholdreveillaud.lu\/wp-content\/uploads\/hacker-1944688_640.jpeg\" \/>\n\t<meta property=\"og:image:width\" content=\"640\" \/>\n\t<meta property=\"og:image:height\" content=\"426\" \/>\n\t<meta property=\"og:image:type\" content=\"image\/jpeg\" \/>\n<meta name=\"author\" content=\"dominocommunication\" \/>\n<meta name=\"twitter:card\" content=\"summary_large_image\" \/>\n<meta name=\"twitter:label1\" content=\"\u00c9crit par\" \/>\n\t<meta name=\"twitter:data1\" content=\"dominocommunication\" \/>\n\t<meta name=\"twitter:label2\" content=\"Dur\u00e9e de lecture estim\u00e9e\" \/>\n\t<meta name=\"twitter:data2\" content=\"2 minutes\" \/>\n<script type=\"application\/ld+json\" class=\"yoast-schema-graph\">{\"@context\":\"https:\/\/schema.org\",\"@graph\":[{\"@type\":\"Article\",\"@id\":\"https:\/\/www.kaufholdreveillaud.lu\/fr\/schrems-ii-quel-impact-pour-le-transfert-de-donnees-vers-les-etats-unis-2\/#article\",\"isPartOf\":{\"@id\":\"https:\/\/www.kaufholdreveillaud.lu\/fr\/schrems-ii-quel-impact-pour-le-transfert-de-donnees-vers-les-etats-unis-2\/\"},\"author\":{\"name\":\"dominocommunication\",\"@id\":\"https:\/\/www.kaufholdreveillaud.lu\/fr\/#\/schema\/person\/ebd09ee45fb11871fb000e8dca1c069f\"},\"headline\":\"Schrems II: Quel impact pour le transfert de donn\u00e9es vers les Etats-Unis?\",\"datePublished\":\"2020-11-19T22:50:55+00:00\",\"dateModified\":\"2023-11-15T17:39:54+00:00\",\"mainEntityOfPage\":{\"@id\":\"https:\/\/www.kaufholdreveillaud.lu\/fr\/schrems-ii-quel-impact-pour-le-transfert-de-donnees-vers-les-etats-unis-2\/\"},\"wordCount\":434,\"image\":{\"@id\":\"https:\/\/www.kaufholdreveillaud.lu\/fr\/schrems-ii-quel-impact-pour-le-transfert-de-donnees-vers-les-etats-unis-2\/#primaryimage\"},\"thumbnailUrl\":\"https:\/\/www.kaufholdreveillaud.lu\/wp-content\/uploads\/hacker-1944688_640.jpeg\",\"articleSection\":[\"Aper\u00e7u\",\"Uncategorised\"],\"inLanguage\":\"fr-FR\"},{\"@type\":\"WebPage\",\"@id\":\"https:\/\/www.kaufholdreveillaud.lu\/fr\/schrems-ii-quel-impact-pour-le-transfert-de-donnees-vers-les-etats-unis-2\/\",\"url\":\"https:\/\/www.kaufholdreveillaud.lu\/fr\/schrems-ii-quel-impact-pour-le-transfert-de-donnees-vers-les-etats-unis-2\/\",\"name\":\"Schrems II: Quel impact pour le transfert de donn\u00e9es vers les Etats-Unis? - Kaufhold et Reveillaud Avocats\",\"isPartOf\":{\"@id\":\"https:\/\/www.kaufholdreveillaud.lu\/fr\/#website\"},\"primaryImageOfPage\":{\"@id\":\"https:\/\/www.kaufholdreveillaud.lu\/fr\/schrems-ii-quel-impact-pour-le-transfert-de-donnees-vers-les-etats-unis-2\/#primaryimage\"},\"image\":{\"@id\":\"https:\/\/www.kaufholdreveillaud.lu\/fr\/schrems-ii-quel-impact-pour-le-transfert-de-donnees-vers-les-etats-unis-2\/#primaryimage\"},\"thumbnailUrl\":\"https:\/\/www.kaufholdreveillaud.lu\/wp-content\/uploads\/hacker-1944688_640.jpeg\",\"datePublished\":\"2020-11-19T22:50:55+00:00\",\"dateModified\":\"2023-11-15T17:39:54+00:00\",\"author\":{\"@id\":\"https:\/\/www.kaufholdreveillaud.lu\/fr\/#\/schema\/person\/ebd09ee45fb11871fb000e8dca1c069f\"},\"description\":\"On July 16, 2020, the Court of Justice of the European Union declared the Privacy Shield null! Case: Facebook \/ Maximillian Schrems\",\"breadcrumb\":{\"@id\":\"https:\/\/www.kaufholdreveillaud.lu\/fr\/schrems-ii-quel-impact-pour-le-transfert-de-donnees-vers-les-etats-unis-2\/#breadcrumb\"},\"inLanguage\":\"fr-FR\",\"potentialAction\":[{\"@type\":\"ReadAction\",\"target\":[\"https:\/\/www.kaufholdreveillaud.lu\/fr\/schrems-ii-quel-impact-pour-le-transfert-de-donnees-vers-les-etats-unis-2\/\"]}]},{\"@type\":\"ImageObject\",\"inLanguage\":\"fr-FR\",\"@id\":\"https:\/\/www.kaufholdreveillaud.lu\/fr\/schrems-ii-quel-impact-pour-le-transfert-de-donnees-vers-les-etats-unis-2\/#primaryimage\",\"url\":\"https:\/\/www.kaufholdreveillaud.lu\/wp-content\/uploads\/hacker-1944688_640.jpeg\",\"contentUrl\":\"https:\/\/www.kaufholdreveillaud.lu\/wp-content\/uploads\/hacker-1944688_640.jpeg\",\"width\":640,\"height\":426},{\"@type\":\"BreadcrumbList\",\"@id\":\"https:\/\/www.kaufholdreveillaud.lu\/fr\/schrems-ii-quel-impact-pour-le-transfert-de-donnees-vers-les-etats-unis-2\/#breadcrumb\",\"itemListElement\":[{\"@type\":\"ListItem\",\"position\":1,\"name\":\"Home\",\"item\":\"https:\/\/www.kaufholdreveillaud.lu\/fr\/\"},{\"@type\":\"ListItem\",\"position\":2,\"name\":\"Schrems II: Quel impact pour le transfert de donn\u00e9es vers les Etats-Unis?\"}]},{\"@type\":\"WebSite\",\"@id\":\"https:\/\/www.kaufholdreveillaud.lu\/fr\/#website\",\"url\":\"https:\/\/www.kaufholdreveillaud.lu\/fr\/\",\"name\":\"Kaufhold et Reveillaud Avocats\",\"description\":\"Etude d&#039;avocats \u00e0 Luxembourg\",\"potentialAction\":[{\"@type\":\"SearchAction\",\"target\":{\"@type\":\"EntryPoint\",\"urlTemplate\":\"https:\/\/www.kaufholdreveillaud.lu\/fr\/?s={search_term_string}\"},\"query-input\":{\"@type\":\"PropertyValueSpecification\",\"valueRequired\":true,\"valueName\":\"search_term_string\"}}],\"inLanguage\":\"fr-FR\"},{\"@type\":\"Person\",\"@id\":\"https:\/\/www.kaufholdreveillaud.lu\/fr\/#\/schema\/person\/ebd09ee45fb11871fb000e8dca1c069f\",\"name\":\"dominocommunication\",\"image\":{\"@type\":\"ImageObject\",\"inLanguage\":\"fr-FR\",\"@id\":\"https:\/\/www.kaufholdreveillaud.lu\/fr\/#\/schema\/person\/image\/\",\"url\":\"https:\/\/secure.gravatar.com\/avatar\/c28bb102a73f50ab9184028727da8e0470464f8d426a173be8e66399ed3df56d?s=96&d=mm&r=g\",\"contentUrl\":\"https:\/\/secure.gravatar.com\/avatar\/c28bb102a73f50ab9184028727da8e0470464f8d426a173be8e66399ed3df56d?s=96&d=mm&r=g\",\"caption\":\"dominocommunication\"},\"url\":\"https:\/\/www.kaufholdreveillaud.lu\/fr\/author\/dominocommunication\/\"}]}<\/script>\n<!-- \/ Yoast SEO plugin. -->","yoast_head_json":{"title":"Schrems II: Quel impact pour le transfert de donn\u00e9es vers les Etats-Unis? - Kaufhold et Reveillaud Avocats","description":"On July 16, 2020, the Court of Justice of the European Union declared the Privacy Shield null! Case: Facebook \/ Maximillian Schrems","robots":{"index":"index","follow":"follow","max-snippet":"max-snippet:-1","max-image-preview":"max-image-preview:large","max-video-preview":"max-video-preview:-1"},"canonical":"https:\/\/www.kaufholdreveillaud.lu\/fr\/schrems-ii-quel-impact-pour-le-transfert-de-donnees-vers-les-etats-unis-2\/","og_locale":"fr_FR","og_type":"article","og_title":"Schrems II: Quel impact pour le transfert de donn\u00e9es vers les Etats-Unis? - Kaufhold et Reveillaud Avocats","og_description":"On July 16, 2020, the Court of Justice of the European Union declared the Privacy Shield null! Case: Facebook \/ Maximillian Schrems","og_url":"https:\/\/www.kaufholdreveillaud.lu\/fr\/schrems-ii-quel-impact-pour-le-transfert-de-donnees-vers-les-etats-unis-2\/","og_site_name":"Kaufhold et Reveillaud Avocats","article_published_time":"2020-11-19T22:50:55+00:00","article_modified_time":"2023-11-15T17:39:54+00:00","og_image":[{"width":640,"height":426,"url":"https:\/\/www.kaufholdreveillaud.lu\/wp-content\/uploads\/hacker-1944688_640.jpeg","type":"image\/jpeg"}],"author":"dominocommunication","twitter_card":"summary_large_image","twitter_misc":{"\u00c9crit par":"dominocommunication","Dur\u00e9e de lecture estim\u00e9e":"2 minutes"},"schema":{"@context":"https:\/\/schema.org","@graph":[{"@type":"Article","@id":"https:\/\/www.kaufholdreveillaud.lu\/fr\/schrems-ii-quel-impact-pour-le-transfert-de-donnees-vers-les-etats-unis-2\/#article","isPartOf":{"@id":"https:\/\/www.kaufholdreveillaud.lu\/fr\/schrems-ii-quel-impact-pour-le-transfert-de-donnees-vers-les-etats-unis-2\/"},"author":{"name":"dominocommunication","@id":"https:\/\/www.kaufholdreveillaud.lu\/fr\/#\/schema\/person\/ebd09ee45fb11871fb000e8dca1c069f"},"headline":"Schrems II: Quel impact pour le transfert de donn\u00e9es vers les Etats-Unis?","datePublished":"2020-11-19T22:50:55+00:00","dateModified":"2023-11-15T17:39:54+00:00","mainEntityOfPage":{"@id":"https:\/\/www.kaufholdreveillaud.lu\/fr\/schrems-ii-quel-impact-pour-le-transfert-de-donnees-vers-les-etats-unis-2\/"},"wordCount":434,"image":{"@id":"https:\/\/www.kaufholdreveillaud.lu\/fr\/schrems-ii-quel-impact-pour-le-transfert-de-donnees-vers-les-etats-unis-2\/#primaryimage"},"thumbnailUrl":"https:\/\/www.kaufholdreveillaud.lu\/wp-content\/uploads\/hacker-1944688_640.jpeg","articleSection":["Aper\u00e7u","Uncategorised"],"inLanguage":"fr-FR"},{"@type":"WebPage","@id":"https:\/\/www.kaufholdreveillaud.lu\/fr\/schrems-ii-quel-impact-pour-le-transfert-de-donnees-vers-les-etats-unis-2\/","url":"https:\/\/www.kaufholdreveillaud.lu\/fr\/schrems-ii-quel-impact-pour-le-transfert-de-donnees-vers-les-etats-unis-2\/","name":"Schrems II: Quel impact pour le transfert de donn\u00e9es vers les Etats-Unis? - Kaufhold et Reveillaud Avocats","isPartOf":{"@id":"https:\/\/www.kaufholdreveillaud.lu\/fr\/#website"},"primaryImageOfPage":{"@id":"https:\/\/www.kaufholdreveillaud.lu\/fr\/schrems-ii-quel-impact-pour-le-transfert-de-donnees-vers-les-etats-unis-2\/#primaryimage"},"image":{"@id":"https:\/\/www.kaufholdreveillaud.lu\/fr\/schrems-ii-quel-impact-pour-le-transfert-de-donnees-vers-les-etats-unis-2\/#primaryimage"},"thumbnailUrl":"https:\/\/www.kaufholdreveillaud.lu\/wp-content\/uploads\/hacker-1944688_640.jpeg","datePublished":"2020-11-19T22:50:55+00:00","dateModified":"2023-11-15T17:39:54+00:00","author":{"@id":"https:\/\/www.kaufholdreveillaud.lu\/fr\/#\/schema\/person\/ebd09ee45fb11871fb000e8dca1c069f"},"description":"On July 16, 2020, the Court of Justice of the European Union declared the Privacy Shield null! Case: Facebook \/ Maximillian Schrems","breadcrumb":{"@id":"https:\/\/www.kaufholdreveillaud.lu\/fr\/schrems-ii-quel-impact-pour-le-transfert-de-donnees-vers-les-etats-unis-2\/#breadcrumb"},"inLanguage":"fr-FR","potentialAction":[{"@type":"ReadAction","target":["https:\/\/www.kaufholdreveillaud.lu\/fr\/schrems-ii-quel-impact-pour-le-transfert-de-donnees-vers-les-etats-unis-2\/"]}]},{"@type":"ImageObject","inLanguage":"fr-FR","@id":"https:\/\/www.kaufholdreveillaud.lu\/fr\/schrems-ii-quel-impact-pour-le-transfert-de-donnees-vers-les-etats-unis-2\/#primaryimage","url":"https:\/\/www.kaufholdreveillaud.lu\/wp-content\/uploads\/hacker-1944688_640.jpeg","contentUrl":"https:\/\/www.kaufholdreveillaud.lu\/wp-content\/uploads\/hacker-1944688_640.jpeg","width":640,"height":426},{"@type":"BreadcrumbList","@id":"https:\/\/www.kaufholdreveillaud.lu\/fr\/schrems-ii-quel-impact-pour-le-transfert-de-donnees-vers-les-etats-unis-2\/#breadcrumb","itemListElement":[{"@type":"ListItem","position":1,"name":"Home","item":"https:\/\/www.kaufholdreveillaud.lu\/fr\/"},{"@type":"ListItem","position":2,"name":"Schrems II: Quel impact pour le transfert de donn\u00e9es vers les Etats-Unis?"}]},{"@type":"WebSite","@id":"https:\/\/www.kaufholdreveillaud.lu\/fr\/#website","url":"https:\/\/www.kaufholdreveillaud.lu\/fr\/","name":"Kaufhold et Reveillaud Avocats","description":"Etude d&#039;avocats \u00e0 Luxembourg","potentialAction":[{"@type":"SearchAction","target":{"@type":"EntryPoint","urlTemplate":"https:\/\/www.kaufholdreveillaud.lu\/fr\/?s={search_term_string}"},"query-input":{"@type":"PropertyValueSpecification","valueRequired":true,"valueName":"search_term_string"}}],"inLanguage":"fr-FR"},{"@type":"Person","@id":"https:\/\/www.kaufholdreveillaud.lu\/fr\/#\/schema\/person\/ebd09ee45fb11871fb000e8dca1c069f","name":"dominocommunication","image":{"@type":"ImageObject","inLanguage":"fr-FR","@id":"https:\/\/www.kaufholdreveillaud.lu\/fr\/#\/schema\/person\/image\/","url":"https:\/\/secure.gravatar.com\/avatar\/c28bb102a73f50ab9184028727da8e0470464f8d426a173be8e66399ed3df56d?s=96&d=mm&r=g","contentUrl":"https:\/\/secure.gravatar.com\/avatar\/c28bb102a73f50ab9184028727da8e0470464f8d426a173be8e66399ed3df56d?s=96&d=mm&r=g","caption":"dominocommunication"},"url":"https:\/\/www.kaufholdreveillaud.lu\/fr\/author\/dominocommunication\/"}]}},"_links":{"self":[{"href":"https:\/\/www.kaufholdreveillaud.lu\/fr\/wp-json\/wp\/v2\/posts\/18376","targetHints":{"allow":["GET"]}}],"collection":[{"href":"https:\/\/www.kaufholdreveillaud.lu\/fr\/wp-json\/wp\/v2\/posts"}],"about":[{"href":"https:\/\/www.kaufholdreveillaud.lu\/fr\/wp-json\/wp\/v2\/types\/post"}],"author":[{"embeddable":true,"href":"https:\/\/www.kaufholdreveillaud.lu\/fr\/wp-json\/wp\/v2\/users\/1"}],"replies":[{"embeddable":true,"href":"https:\/\/www.kaufholdreveillaud.lu\/fr\/wp-json\/wp\/v2\/comments?post=18376"}],"version-history":[{"count":0,"href":"https:\/\/www.kaufholdreveillaud.lu\/fr\/wp-json\/wp\/v2\/posts\/18376\/revisions"}],"wp:featuredmedia":[{"embeddable":true,"href":"https:\/\/www.kaufholdreveillaud.lu\/fr\/wp-json\/wp\/v2\/media\/18655"}],"wp:attachment":[{"href":"https:\/\/www.kaufholdreveillaud.lu\/fr\/wp-json\/wp\/v2\/media?parent=18376"}],"wp:term":[{"taxonomy":"category","embeddable":true,"href":"https:\/\/www.kaufholdreveillaud.lu\/fr\/wp-json\/wp\/v2\/categories?post=18376"},{"taxonomy":"post_tag","embeddable":true,"href":"https:\/\/www.kaufholdreveillaud.lu\/fr\/wp-json\/wp\/v2\/tags?post=18376"}],"curies":[{"name":"wp","href":"https:\/\/api.w.org\/{rel}","templated":true}]}}