
{"id":1043,"date":"2020-03-27T08:30:30","date_gmt":"2020-03-27T07:30:30","guid":{"rendered":"https:\/\/www.bllconsulting.com\/?p=1043"},"modified":"2021-04-15T15:08:52","modified_gmt":"2021-04-15T13:08:52","slug":"la-branche-sur-laquelle-nous-sommes-assis","status":"publish","type":"post","link":"https:\/\/www.kaufholdreveillaud.lu\/fr\/la-branche-sur-laquelle-nous-sommes-assis\/","title":{"rendered":"La branche sur laquelle nous sommes assis"},"content":{"rendered":"<p>L\u2019inimiti\u00e9 entre les forces de ventes et les services de conformit\u00e9, notamment ceux qui sont en charge de la lutte contre le recyclage des produits de la criminalit\u00e9, autrement appel\u00e9 le blanchiment des capitaux et contre le financement d\u2019activit\u00e9s terroristes, n\u2019est un myst\u00e8re pour personne.<\/p>\n<p>Mais pourquoi ? Qu\u2019est-ce qui explique cette opposition, voire ces conflits entre ceux responsables de d\u00e9velopper le chiffre d\u2019affaire de la compagnie et ceux charg\u00e9s de s\u2019assurer que la soci\u00e9t\u00e9 ne travaille pas avec des criminels et\/ou avec des financeurs du terrorisme.<\/p>\n<p>Il faut tout d\u2019abord comprendre que toutes les soci\u00e9t\u00e9s assujetties par les lois et r\u00e8glements r\u00e9gissant la lutte contre le blanchiment des capitaux, sont des compagnies commerciales. Cela signifie qu\u2019elles n\u2019ont aucun droit divin de survivre ou de se d\u00e9velopper.<\/p>\n<p>Cet aspect essentiel a deux types de cons\u00e9quences\u00a0: Primo, leur survie est bas\u00e9e sur la conqu\u00eate et la fid\u00e9lisation de clients. Secundo, les dirigeants et les commerciaux de ces soci\u00e9t\u00e9s sont n\u00e9cessairement \u00ab\u00a0<em>customer side<\/em>\u00a0\u00bb, c\u2019est dire \u00ab\u00a0<em>Tourn\u00e9s client<\/em>\u00a0\u00bb, et ce point est fondamental \u00e0 comprendre.<\/p>\n<p>En effet, que nous parlions de Banque, de Compagnie ou de Courtier en Assurances, d\u2019Avocats ou d\u2019Expert Comptables, leur valeur ajout\u00e9e, leur \u00ab\u00a0plus\u00a0\u00bb sur leur concurrence est pr\u00e9cis\u00e9ment leur capacit\u00e9 \u00e0 comprendre les probl\u00e9matiques de leurs clients et de leur proposer des solutions personnalis\u00e9es. C\u2019est d\u2019ailleurs pour cette ma\u00eetrise et ce niveau d\u2019information que ces professions sont pr\u00e9cis\u00e9ment assujetties par les autorit\u00e9s de lutte contre le recyclage des produits de la criminalit\u00e9. On appelle cela le K.Y.C. ou Know Your Customer (Connaissez votre client).<\/p>\n<p>La question qui se pose, d\u00e8s lors qu\u2019on accepte cette r\u00e9alit\u00e9, est\u00a0: \u00ab\u00a0<em>Peut-on \u00e0 la fois \u00eatre tourn\u00e9 client et en recherche de solutions optimales<\/em>\u00a0\u00bb tout en \u00e9tant \u00ab\u00a0<em>soup\u00e7onneux et en recherche de piste indiquant un blanchiment d\u2019argent et\/ou un financement de terrorisme<\/em>\u00a0\u00bb ?<\/p>\n<p>C\u2019est dans la r\u00e9ponse \u00e0 cette question que, d\u2019embl\u00e9e les avis entre les Responsables de la conformit\u00e9 et les Forces de vente divergent totalement \u2013 Les premiers r\u00e9pondront avec aisance\u00a0: \u00ab\u00a0<em>Mais bien s\u00fbr, nous avons besoin de clients, certes, mais nous ne pouvons risquer l\u2019avenir de l\u2019entreprise en servant des clients blanchisseurs de capitaux et\/ou financeurs d\u2019actes terroristes.<\/em>\u00a0\u00bb.<\/p>\n<p>Les commerciaux, eux s`\u00e9criront\u00a0: \u00ab\u00a0<em>C\u2019est impossible ! c\u2019est presque schizophr\u00e9nique d\u2019\u00eatre en m\u00eame temps en cr\u00e9ation de relation de confiance avec un prospect, et en questionnement m\u00e9fiant voire soup\u00e7onneux \u2013 C\u2019est la chronique de la mort d\u2019une vente annonc\u00e9e <\/em>!\u00a0\u00bb.<\/p>\n<p>Il faut reconna\u00eetre ici que chacun, dans sa bulle d\u2019information et d\u2019objectifs professionnels, a raison. En effet, les commerciaux, m\u00eame de tr\u00e8s haut niveau, ont comme souci la survie et le d\u00e9veloppement de leur compagnie et comme objectifs un maximum de ventes.<\/p>\n<p>Les Compliance Officers partagent tout autant le souci de la survie et du d\u00e9veloppement de la soci\u00e9t\u00e9, mais ont conscience des cons\u00e9quences dramatiques pour une entit\u00e9 de se voir m\u00eal\u00e9e \u00e0 une affaire de recyclage des produits de la criminalit\u00e9 voire une affaire de financement d\u2019activit\u00e9s terroristes. Il est vrai qu\u2019en cas d\u2019implication, les cons\u00e9quences civiles sont p\u00e9nales et les cons\u00e9quences marketing \u00e9pouvantables.<\/p>\n<p>Imaginez un instant que la presse r\u00e9v\u00e8le que tel cabinet d\u2019Avocats, tel Courtier en Assurance Vie ou telle Institution Financi\u00e8re a \u00e9t\u00e9 condamn\u00e9 par un Tribunal Correctionnel pour des faits de financement de terrorisme ? Quelle PME peut se relever d\u2019une telle situation ?<\/p>\n<p>Il est donc pertinent d\u2019\u00e9noncer que des commerciaux faisant fi de leur devoir de r\u00e9aliser aupr\u00e8s de leurs prospects des v\u00e9rifications diligentes, scient la branche sur laquelle eux et leurs \u00ab\u00a0emp\u00eacheurs de vendre en rond \u00bb de la conformit\u00e9 sont assis.<\/p>\n<p>Pourtant, la peur de voir ses prospects \u00ab\u00a0fuir\u00a0\u00bb une approche \u00ab trop polici\u00e8re\u00a0\u00bb de sa d\u00e9couverte des besoins, peut s\u2019entendre et se comprendre. \u00catre \u00e0 la fois vendeur et enqu\u00eateur n\u2019est, en aucun cas, une chose facile ou naturelle, surtout dans un univers professionnel tr\u00e8s comp\u00e9titif dans lequel les objectifs de vente sont toujours plus \u00e9lev\u00e9s.<\/p>\n<p>N\u00e9anmoins, le socle des valeurs fondamentales communes entre les Forces de vente et les Compliance Officers ressort clairement de ces quelques lignes\u00a0: L\u2019obsession de la survie et du d\u00e9veloppement p\u00e9renne de la compagnie pour laquelle ils travaillent tous.<\/p>\n<p>Peut \u00eatre reste-t-il alors \u00e0 trouver une m\u00e9thodologie indolore et inodore permettant aux Forces de ventes de r\u00e9aliser leurs v\u00e9rifications diligentes sans que leurs prospects ne s\u2019en aper\u00e7oivent, d\u2019autant que la plupart des lois et r\u00e8glements en mati\u00e8re de LBC-FT interdisent formellement aux vendeurs de donner \u00e0 leur client le moindre indice quant \u00e0 leur approche anti-blanchiment ou anti-financement du terrorisme\u2013 Ce serait consid\u00e9r\u00e9 comme de la complicit\u00e9.<\/p>\n<p>\u00c0 ce titre, une question demeure \u00ab\u00a0O\u00f9 est la limite entre \u00eatre <em>Customer Side<\/em>, trouver des solutions personnalis\u00e9es et de la complicit\u00e9 ?\u00a0\u00bb La r\u00e9ponse est simple\u00a0: <em><u>L\u2019origine des fonds<\/u><\/em> \u2013 <em><u>Ils sont d\u2019origine criminelle ou ne le sont pas<\/u><\/em>.<\/p>\n","protected":false},"excerpt":{"rendered":"<p>L\u2019inimiti\u00e9 entre les forces de ventes et les services de conformit\u00e9, notamment ceux qui sont en charge de la lutte contre le recyclage des produits de la criminalit\u00e9, autrement appel\u00e9 le blanchiment des capitaux et contre le financement d\u2019activit\u00e9s terroristes, n\u2019est un myst\u00e8re pour personne. Mais pourquoi ? Qu\u2019est-ce qui explique cette opposition, voire ces &hellip; <\/p>\n<p class=\"link-more\"><a href=\"https:\/\/www.kaufholdreveillaud.lu\/fr\/la-branche-sur-laquelle-nous-sommes-assis\/\" class=\"more-link\">Continuer la lecture <span class=\"screen-reader-text\"> \u00ab\u00a0La branche sur laquelle nous sommes assis\u00a0\u00bb<\/span><\/a><\/p>\n","protected":false},"author":1,"featured_media":1053,"comment_status":"closed","ping_status":"closed","sticky":false,"template":"","format":"standard","meta":{"_acf_changed":false,"footnotes":""},"categories":[7],"tags":[],"class_list":["post-1043","post","type-post","status-publish","format-standard","has-post-thumbnail","hentry","category-contributions","entry"],"acf":[],"yoast_head":"<!-- This site is optimized with the Yoast SEO plugin v26.7 - https:\/\/yoast.com\/wordpress\/plugins\/seo\/ -->\n<title>La branche sur laquelle nous sommes assis - Kaufhold et Reveillaud Avocats<\/title>\n<meta name=\"robots\" content=\"index, follow, max-snippet:-1, max-image-preview:large, max-video-preview:-1\" \/>\n<link rel=\"canonical\" href=\"https:\/\/www.kaufholdreveillaud.lu\/fr\/la-branche-sur-laquelle-nous-sommes-assis\/\" \/>\n<meta property=\"og:locale\" content=\"fr_FR\" \/>\n<meta property=\"og:type\" content=\"article\" \/>\n<meta property=\"og:title\" content=\"La branche sur laquelle nous sommes assis - Kaufhold et Reveillaud Avocats\" \/>\n<meta property=\"og:description\" content=\"L\u2019inimiti\u00e9 entre les forces de ventes et les services de conformit\u00e9, notamment ceux qui sont en charge de la lutte contre le recyclage des produits de la criminalit\u00e9, autrement appel\u00e9 le blanchiment des capitaux et contre le financement d\u2019activit\u00e9s terroristes, n\u2019est un myst\u00e8re pour personne. Mais pourquoi ? Qu\u2019est-ce qui explique cette opposition, voire ces &hellip; Continuer la lecture \u00ab\u00a0La branche sur laquelle nous sommes assis\u00a0\u00bb\" \/>\n<meta property=\"og:url\" content=\"https:\/\/www.kaufholdreveillaud.lu\/fr\/la-branche-sur-laquelle-nous-sommes-assis\/\" \/>\n<meta property=\"og:site_name\" content=\"Kaufhold et Reveillaud Avocats\" \/>\n<meta property=\"article:published_time\" content=\"2020-03-27T07:30:30+00:00\" \/>\n<meta property=\"article:modified_time\" content=\"2021-04-15T13:08:52+00:00\" \/>\n<meta property=\"og:image\" content=\"https:\/\/www.kaufholdreveillaud.lu\/wp-content\/uploads\/2020\/03\/vente-compliance.jpg\" \/>\n\t<meta property=\"og:image:width\" content=\"1200\" \/>\n\t<meta property=\"og:image:height\" content=\"801\" \/>\n\t<meta property=\"og:image:type\" content=\"image\/jpeg\" \/>\n<meta name=\"author\" content=\"dominocommunication\" \/>\n<meta name=\"twitter:card\" content=\"summary_large_image\" \/>\n<meta name=\"twitter:label1\" content=\"\u00c9crit par\" \/>\n\t<meta name=\"twitter:data1\" content=\"dominocommunication\" \/>\n\t<meta name=\"twitter:label2\" content=\"Dur\u00e9e de lecture estim\u00e9e\" \/>\n\t<meta name=\"twitter:data2\" content=\"4 minutes\" \/>\n<script type=\"application\/ld+json\" class=\"yoast-schema-graph\">{\"@context\":\"https:\/\/schema.org\",\"@graph\":[{\"@type\":\"Article\",\"@id\":\"https:\/\/www.kaufholdreveillaud.lu\/fr\/la-branche-sur-laquelle-nous-sommes-assis\/#article\",\"isPartOf\":{\"@id\":\"https:\/\/www.kaufholdreveillaud.lu\/fr\/la-branche-sur-laquelle-nous-sommes-assis\/\"},\"author\":{\"name\":\"dominocommunication\",\"@id\":\"https:\/\/www.kaufholdreveillaud.lu\/fr\/#\/schema\/person\/ebd09ee45fb11871fb000e8dca1c069f\"},\"headline\":\"La branche sur laquelle nous sommes assis\",\"datePublished\":\"2020-03-27T07:30:30+00:00\",\"dateModified\":\"2021-04-15T13:08:52+00:00\",\"mainEntityOfPage\":{\"@id\":\"https:\/\/www.kaufholdreveillaud.lu\/fr\/la-branche-sur-laquelle-nous-sommes-assis\/\"},\"wordCount\":901,\"image\":{\"@id\":\"https:\/\/www.kaufholdreveillaud.lu\/fr\/la-branche-sur-laquelle-nous-sommes-assis\/#primaryimage\"},\"thumbnailUrl\":\"https:\/\/www.kaufholdreveillaud.lu\/wp-content\/uploads\/2020\/03\/vente-compliance.jpg\",\"articleSection\":[\"Contributions\"],\"inLanguage\":\"fr-FR\"},{\"@type\":\"WebPage\",\"@id\":\"https:\/\/www.kaufholdreveillaud.lu\/fr\/la-branche-sur-laquelle-nous-sommes-assis\/\",\"url\":\"https:\/\/www.kaufholdreveillaud.lu\/fr\/la-branche-sur-laquelle-nous-sommes-assis\/\",\"name\":\"La branche sur laquelle nous sommes assis - Kaufhold et Reveillaud Avocats\",\"isPartOf\":{\"@id\":\"https:\/\/www.kaufholdreveillaud.lu\/fr\/#website\"},\"primaryImageOfPage\":{\"@id\":\"https:\/\/www.kaufholdreveillaud.lu\/fr\/la-branche-sur-laquelle-nous-sommes-assis\/#primaryimage\"},\"image\":{\"@id\":\"https:\/\/www.kaufholdreveillaud.lu\/fr\/la-branche-sur-laquelle-nous-sommes-assis\/#primaryimage\"},\"thumbnailUrl\":\"https:\/\/www.kaufholdreveillaud.lu\/wp-content\/uploads\/2020\/03\/vente-compliance.jpg\",\"datePublished\":\"2020-03-27T07:30:30+00:00\",\"dateModified\":\"2021-04-15T13:08:52+00:00\",\"author\":{\"@id\":\"https:\/\/www.kaufholdreveillaud.lu\/fr\/#\/schema\/person\/ebd09ee45fb11871fb000e8dca1c069f\"},\"breadcrumb\":{\"@id\":\"https:\/\/www.kaufholdreveillaud.lu\/fr\/la-branche-sur-laquelle-nous-sommes-assis\/#breadcrumb\"},\"inLanguage\":\"fr-FR\",\"potentialAction\":[{\"@type\":\"ReadAction\",\"target\":[\"https:\/\/www.kaufholdreveillaud.lu\/fr\/la-branche-sur-laquelle-nous-sommes-assis\/\"]}]},{\"@type\":\"ImageObject\",\"inLanguage\":\"fr-FR\",\"@id\":\"https:\/\/www.kaufholdreveillaud.lu\/fr\/la-branche-sur-laquelle-nous-sommes-assis\/#primaryimage\",\"url\":\"https:\/\/www.kaufholdreveillaud.lu\/wp-content\/uploads\/2020\/03\/vente-compliance.jpg\",\"contentUrl\":\"https:\/\/www.kaufholdreveillaud.lu\/wp-content\/uploads\/2020\/03\/vente-compliance.jpg\",\"width\":1200,\"height\":801},{\"@type\":\"BreadcrumbList\",\"@id\":\"https:\/\/www.kaufholdreveillaud.lu\/fr\/la-branche-sur-laquelle-nous-sommes-assis\/#breadcrumb\",\"itemListElement\":[{\"@type\":\"ListItem\",\"position\":1,\"name\":\"Home\",\"item\":\"https:\/\/www.kaufholdreveillaud.lu\/fr\/\"},{\"@type\":\"ListItem\",\"position\":2,\"name\":\"La branche sur laquelle nous sommes assis\"}]},{\"@type\":\"WebSite\",\"@id\":\"https:\/\/www.kaufholdreveillaud.lu\/fr\/#website\",\"url\":\"https:\/\/www.kaufholdreveillaud.lu\/fr\/\",\"name\":\"Kaufhold et Reveillaud Avocats\",\"description\":\"Etude d&#039;avocats \u00e0 Luxembourg\",\"potentialAction\":[{\"@type\":\"SearchAction\",\"target\":{\"@type\":\"EntryPoint\",\"urlTemplate\":\"https:\/\/www.kaufholdreveillaud.lu\/fr\/?s={search_term_string}\"},\"query-input\":{\"@type\":\"PropertyValueSpecification\",\"valueRequired\":true,\"valueName\":\"search_term_string\"}}],\"inLanguage\":\"fr-FR\"},{\"@type\":\"Person\",\"@id\":\"https:\/\/www.kaufholdreveillaud.lu\/fr\/#\/schema\/person\/ebd09ee45fb11871fb000e8dca1c069f\",\"name\":\"dominocommunication\",\"image\":{\"@type\":\"ImageObject\",\"inLanguage\":\"fr-FR\",\"@id\":\"https:\/\/www.kaufholdreveillaud.lu\/fr\/#\/schema\/person\/image\/\",\"url\":\"https:\/\/secure.gravatar.com\/avatar\/c28bb102a73f50ab9184028727da8e0470464f8d426a173be8e66399ed3df56d?s=96&d=mm&r=g\",\"contentUrl\":\"https:\/\/secure.gravatar.com\/avatar\/c28bb102a73f50ab9184028727da8e0470464f8d426a173be8e66399ed3df56d?s=96&d=mm&r=g\",\"caption\":\"dominocommunication\"},\"url\":\"https:\/\/www.kaufholdreveillaud.lu\/fr\/author\/dominocommunication\/\"}]}<\/script>\n<!-- \/ Yoast SEO plugin. -->","yoast_head_json":{"title":"La branche sur laquelle nous sommes assis - Kaufhold et Reveillaud Avocats","robots":{"index":"index","follow":"follow","max-snippet":"max-snippet:-1","max-image-preview":"max-image-preview:large","max-video-preview":"max-video-preview:-1"},"canonical":"https:\/\/www.kaufholdreveillaud.lu\/fr\/la-branche-sur-laquelle-nous-sommes-assis\/","og_locale":"fr_FR","og_type":"article","og_title":"La branche sur laquelle nous sommes assis - Kaufhold et Reveillaud Avocats","og_description":"L\u2019inimiti\u00e9 entre les forces de ventes et les services de conformit\u00e9, notamment ceux qui sont en charge de la lutte contre le recyclage des produits de la criminalit\u00e9, autrement appel\u00e9 le blanchiment des capitaux et contre le financement d\u2019activit\u00e9s terroristes, n\u2019est un myst\u00e8re pour personne. Mais pourquoi ? Qu\u2019est-ce qui explique cette opposition, voire ces &hellip; Continuer la lecture \u00ab\u00a0La branche sur laquelle nous sommes assis\u00a0\u00bb","og_url":"https:\/\/www.kaufholdreveillaud.lu\/fr\/la-branche-sur-laquelle-nous-sommes-assis\/","og_site_name":"Kaufhold et Reveillaud Avocats","article_published_time":"2020-03-27T07:30:30+00:00","article_modified_time":"2021-04-15T13:08:52+00:00","og_image":[{"width":1200,"height":801,"url":"https:\/\/www.kaufholdreveillaud.lu\/wp-content\/uploads\/2020\/03\/vente-compliance.jpg","type":"image\/jpeg"}],"author":"dominocommunication","twitter_card":"summary_large_image","twitter_misc":{"\u00c9crit par":"dominocommunication","Dur\u00e9e de lecture estim\u00e9e":"4 minutes"},"schema":{"@context":"https:\/\/schema.org","@graph":[{"@type":"Article","@id":"https:\/\/www.kaufholdreveillaud.lu\/fr\/la-branche-sur-laquelle-nous-sommes-assis\/#article","isPartOf":{"@id":"https:\/\/www.kaufholdreveillaud.lu\/fr\/la-branche-sur-laquelle-nous-sommes-assis\/"},"author":{"name":"dominocommunication","@id":"https:\/\/www.kaufholdreveillaud.lu\/fr\/#\/schema\/person\/ebd09ee45fb11871fb000e8dca1c069f"},"headline":"La branche sur laquelle nous sommes assis","datePublished":"2020-03-27T07:30:30+00:00","dateModified":"2021-04-15T13:08:52+00:00","mainEntityOfPage":{"@id":"https:\/\/www.kaufholdreveillaud.lu\/fr\/la-branche-sur-laquelle-nous-sommes-assis\/"},"wordCount":901,"image":{"@id":"https:\/\/www.kaufholdreveillaud.lu\/fr\/la-branche-sur-laquelle-nous-sommes-assis\/#primaryimage"},"thumbnailUrl":"https:\/\/www.kaufholdreveillaud.lu\/wp-content\/uploads\/2020\/03\/vente-compliance.jpg","articleSection":["Contributions"],"inLanguage":"fr-FR"},{"@type":"WebPage","@id":"https:\/\/www.kaufholdreveillaud.lu\/fr\/la-branche-sur-laquelle-nous-sommes-assis\/","url":"https:\/\/www.kaufholdreveillaud.lu\/fr\/la-branche-sur-laquelle-nous-sommes-assis\/","name":"La branche sur laquelle nous sommes assis - Kaufhold et Reveillaud Avocats","isPartOf":{"@id":"https:\/\/www.kaufholdreveillaud.lu\/fr\/#website"},"primaryImageOfPage":{"@id":"https:\/\/www.kaufholdreveillaud.lu\/fr\/la-branche-sur-laquelle-nous-sommes-assis\/#primaryimage"},"image":{"@id":"https:\/\/www.kaufholdreveillaud.lu\/fr\/la-branche-sur-laquelle-nous-sommes-assis\/#primaryimage"},"thumbnailUrl":"https:\/\/www.kaufholdreveillaud.lu\/wp-content\/uploads\/2020\/03\/vente-compliance.jpg","datePublished":"2020-03-27T07:30:30+00:00","dateModified":"2021-04-15T13:08:52+00:00","author":{"@id":"https:\/\/www.kaufholdreveillaud.lu\/fr\/#\/schema\/person\/ebd09ee45fb11871fb000e8dca1c069f"},"breadcrumb":{"@id":"https:\/\/www.kaufholdreveillaud.lu\/fr\/la-branche-sur-laquelle-nous-sommes-assis\/#breadcrumb"},"inLanguage":"fr-FR","potentialAction":[{"@type":"ReadAction","target":["https:\/\/www.kaufholdreveillaud.lu\/fr\/la-branche-sur-laquelle-nous-sommes-assis\/"]}]},{"@type":"ImageObject","inLanguage":"fr-FR","@id":"https:\/\/www.kaufholdreveillaud.lu\/fr\/la-branche-sur-laquelle-nous-sommes-assis\/#primaryimage","url":"https:\/\/www.kaufholdreveillaud.lu\/wp-content\/uploads\/2020\/03\/vente-compliance.jpg","contentUrl":"https:\/\/www.kaufholdreveillaud.lu\/wp-content\/uploads\/2020\/03\/vente-compliance.jpg","width":1200,"height":801},{"@type":"BreadcrumbList","@id":"https:\/\/www.kaufholdreveillaud.lu\/fr\/la-branche-sur-laquelle-nous-sommes-assis\/#breadcrumb","itemListElement":[{"@type":"ListItem","position":1,"name":"Home","item":"https:\/\/www.kaufholdreveillaud.lu\/fr\/"},{"@type":"ListItem","position":2,"name":"La branche sur laquelle nous sommes assis"}]},{"@type":"WebSite","@id":"https:\/\/www.kaufholdreveillaud.lu\/fr\/#website","url":"https:\/\/www.kaufholdreveillaud.lu\/fr\/","name":"Kaufhold et Reveillaud Avocats","description":"Etude d&#039;avocats \u00e0 Luxembourg","potentialAction":[{"@type":"SearchAction","target":{"@type":"EntryPoint","urlTemplate":"https:\/\/www.kaufholdreveillaud.lu\/fr\/?s={search_term_string}"},"query-input":{"@type":"PropertyValueSpecification","valueRequired":true,"valueName":"search_term_string"}}],"inLanguage":"fr-FR"},{"@type":"Person","@id":"https:\/\/www.kaufholdreveillaud.lu\/fr\/#\/schema\/person\/ebd09ee45fb11871fb000e8dca1c069f","name":"dominocommunication","image":{"@type":"ImageObject","inLanguage":"fr-FR","@id":"https:\/\/www.kaufholdreveillaud.lu\/fr\/#\/schema\/person\/image\/","url":"https:\/\/secure.gravatar.com\/avatar\/c28bb102a73f50ab9184028727da8e0470464f8d426a173be8e66399ed3df56d?s=96&d=mm&r=g","contentUrl":"https:\/\/secure.gravatar.com\/avatar\/c28bb102a73f50ab9184028727da8e0470464f8d426a173be8e66399ed3df56d?s=96&d=mm&r=g","caption":"dominocommunication"},"url":"https:\/\/www.kaufholdreveillaud.lu\/fr\/author\/dominocommunication\/"}]}},"_links":{"self":[{"href":"https:\/\/www.kaufholdreveillaud.lu\/fr\/wp-json\/wp\/v2\/posts\/1043","targetHints":{"allow":["GET"]}}],"collection":[{"href":"https:\/\/www.kaufholdreveillaud.lu\/fr\/wp-json\/wp\/v2\/posts"}],"about":[{"href":"https:\/\/www.kaufholdreveillaud.lu\/fr\/wp-json\/wp\/v2\/types\/post"}],"author":[{"embeddable":true,"href":"https:\/\/www.kaufholdreveillaud.lu\/fr\/wp-json\/wp\/v2\/users\/1"}],"replies":[{"embeddable":true,"href":"https:\/\/www.kaufholdreveillaud.lu\/fr\/wp-json\/wp\/v2\/comments?post=1043"}],"version-history":[{"count":0,"href":"https:\/\/www.kaufholdreveillaud.lu\/fr\/wp-json\/wp\/v2\/posts\/1043\/revisions"}],"wp:featuredmedia":[{"embeddable":true,"href":"https:\/\/www.kaufholdreveillaud.lu\/fr\/wp-json\/wp\/v2\/media\/1053"}],"wp:attachment":[{"href":"https:\/\/www.kaufholdreveillaud.lu\/fr\/wp-json\/wp\/v2\/media?parent=1043"}],"wp:term":[{"taxonomy":"category","embeddable":true,"href":"https:\/\/www.kaufholdreveillaud.lu\/fr\/wp-json\/wp\/v2\/categories?post=1043"},{"taxonomy":"post_tag","embeddable":true,"href":"https:\/\/www.kaufholdreveillaud.lu\/fr\/wp-json\/wp\/v2\/tags?post=1043"}],"curies":[{"name":"wp","href":"https:\/\/api.w.org\/{rel}","templated":true}]}}